{"id":8496,"date":"2024-12-02T09:14:40","date_gmt":"2024-12-02T13:14:40","guid":{"rendered":"https:\/\/jornaloalvorada.com.br\/site\/?p=8496"},"modified":"2024-12-02T09:14:42","modified_gmt":"2024-12-02T13:14:42","slug":"orcamento-sofre-corte-de-r-55-bilhoes-do-governo-lula-educacao-e-a-maior-prejudicada","status":"publish","type":"post","link":"https:\/\/jornaloalvorada.com.br\/site\/2024\/12\/02\/orcamento-sofre-corte-de-r-55-bilhoes-do-governo-lula-educacao-e-a-maior-prejudicada\/","title":{"rendered":"Or\u00e7amento sofre corte de R$ 5,5 bilh\u00f5es do governo Lula; educa\u00e7\u00e3o \u00e9 a maior prejudicada"},"content":{"rendered":"\n<p>Em busca do reequil\u00edbrio fiscal, o <a href=\"https:\/\/terrabrasilnoticias.com\/2024\/11\/governo-federal-01-12-emite-comunicado-para-todos-os-idosos-acima-de-60-anos\/\" target=\"_blank\" rel=\"noreferrer noopener\">governo Lula<\/a> publicou um decreto reduzindo em R$ 5,5 bilh\u00f5es o or\u00e7amento deste ano. Essa medida faz parte de uma estrat\u00e9gia para conter as despesas p\u00fablicas crescentes e est\u00e1 alinhada ao arcabou\u00e7o fiscal vigente, uma nova regra que busca ajustar as contas do governo. Diante do cen\u00e1rio de aumento das despesas obrigat\u00f3rias, como benef\u00edcios previdenci\u00e1rios, a administra\u00e7\u00e3o federal precisa determinar quais \u00e1reas sofrer\u00e3o cortes.<\/p>\n\n\n\n<p>O setor mais afetado por essa decis\u00e3o foi o da Educa\u00e7\u00e3o, que perdeu R$ 1,6 bilh\u00e3o em recursos. Essa \u00e9 uma \u00e1rea especialmente sens\u00edvel, dada sua import\u00e2ncia estrat\u00e9gica para o desenvolvimento do pa\u00eds. Outros minist\u00e9rios tamb\u00e9m experienciaram redu\u00e7\u00f5es significativas, como o das Cidades, dos Transportes e da Integra\u00e7\u00e3o e Desenvolvimento Regional, refletindo uma tentativa de ajustar as finan\u00e7as sem comprometer por completo as fun\u00e7\u00f5es essenciais do governo.<\/p>\n\n\n\n<h2 class=\"wp-block-heading\">Como os cortes no or\u00e7amento podem impactar?<\/h2>\n\n\n\n<figure class=\"wp-block-image\"><img decoding=\"async\" src=\"https:\/\/terrabrasilnoticias.com\/wp-content\/uploads\/2024\/11\/01-676-1024x576.jpg\" alt=\"\"\/><figcaption class=\"wp-element-caption\">Fernando Haddad \/ Cr\u00e9ditos: depositphotos.com \/ thenews2.com<\/figcaption><\/figure>\n\n\n\n<p>Os cortes no or\u00e7amento s\u00e3o uma ferramenta utilizada para equilibrar as finan\u00e7as p\u00fablicas, especialmente quando existem despesas obrigat\u00f3rias crescendo sem contrapartida de receita. No caso do Brasil, a equipe econ\u00f4mica do presidente Lula calcula um d\u00e9ficit prim\u00e1rio de R$ 28,3 bilh\u00f5es para o ano de 2024, o que denota a diferen\u00e7a entre despesas e receitas, excluindo os juros da d\u00edvida. A meta a longo prazo \u00e9 alcan\u00e7ar um super\u00e1vit prim\u00e1rio de 1% do PIB at\u00e9 2028, o que requer uma gest\u00e3o rigorosa das finan\u00e7as p\u00fablicas.<\/p>\n\n\n\n<p>Os ajustes tamb\u00e9m refletem um esfor\u00e7o para evitar um descontrole fiscal, que pode acarretar impactos negativos sobre a economia, como aumento da infla\u00e7\u00e3o e juros mais altos. A responsabilidade fiscal \u00e9 fundamental para a estabilidade econ\u00f4mica e a confian\u00e7a dos investidores.<\/p>\n\n\n\n<h2 class=\"wp-block-heading\">Quais s\u00e3o as novas propostas de ajuste fiscal?<\/h2>\n\n\n\n<p>Al\u00e9m dos cortes or\u00e7ament\u00e1rios atuais, o governo brasileiro est\u00e1 propondo outras medidas para garantir a sustentabilidade das contas p\u00fablicas. Entre as principais estrat\u00e9gias est\u00e1 a revis\u00e3o de programas como o Benef\u00edcio de Presta\u00e7\u00e3o Continuada (BPC), pago a pessoas com defici\u00eancia de baixa renda e idosos, e uma fiscaliza\u00e7\u00e3o mais rigorosa do Bolsa Fam\u00edlia. Pretende-se economizar R$ 327 bilh\u00f5es entre 2025 e 2030, com uma economia de R$ 70 bilh\u00f5es esperada para os pr\u00f3ximos dois anos.<\/p>\n\n\n\n<p>Essas iniciativas est\u00e3o sendo processadas no Congresso Nacional sob a forma de uma Proposta de Emenda \u00e0 Constitui\u00e7\u00e3o (PEC) e um Projeto de Lei Complementar (PLP), que juntos visam melhorar a efici\u00eancia do gasto p\u00fablico e eliminar distor\u00e7\u00f5es, como os chamados supersal\u00e1rios no servi\u00e7o p\u00fablico.<\/p>\n\n\n\n<h2 class=\"wp-block-heading\">Como os cortes or\u00e7ament\u00e1rios podem afetar o cidad\u00e3o comum?<\/h2>\n\n\n\n<p>A redu\u00e7\u00e3o de recursos em \u00e1reas priorit\u00e1rias pode ter efeitos diretos e indiretos na vida dos cidad\u00e3os. No setor da Educa\u00e7\u00e3o, por exemplo, cortes podem resultar na diminui\u00e7\u00e3o de investimentos em infraestrutura escolar, programas de capacita\u00e7\u00e3o de professores e at\u00e9 mesmo em projetos de inova\u00e7\u00e3o educacional. J\u00e1 nos transportes, a conten\u00e7\u00e3o de gastos pode atrasar obras de infraestrutura essenciais para a mobilidade e log\u00edstica do pa\u00eds.<\/p>\n\n\n\n<p>Por outro lado, medidas fiscais bem-sucedidas podem fortalecer a economia e criar condi\u00e7\u00f5es mais favor\u00e1veis para o emprego e o desenvolvimento. \u00c9 um equil\u00edbrio delicado entre controle das contas p\u00fablicas e manuten\u00e7\u00e3o de pol\u00edticas sociais e econ\u00f4micas cr\u00edticas para o bem-estar populacional.<\/p>\n\n\n\n<p>Com a implementa\u00e7\u00e3o dessas medidas, o Brasil espera melhorar sua posi\u00e7\u00e3o fiscal nos pr\u00f3ximos anos, criando um ambiente mais est\u00e1vel e previs\u00edvel para investimentos. O sucesso dessas estrat\u00e9gias depende, no entanto, do apoio pol\u00edtico no Legislativo e do consenso social em torno do valor de tais ajustes. A promessa da isen\u00e7\u00e3o do Imposto de Renda para quem ganha at\u00e9 R$ 5 mil \u00e9 uma tentativa de novelar as propostas com benef\u00edcios diretos \u00e0 popula\u00e7\u00e3o, indicando uma mudan\u00e7a nas bases da arrecada\u00e7\u00e3o.<\/p>\n\n\n\n<p><strong><em>Fonte: Terra Brasil Not\u00edcias<\/em><\/strong><\/p>\n\n\n\n<p><\/p>\n","protected":false},"excerpt":{"rendered":"<p>Em busca do reequil\u00edbrio fiscal, o governo Lula publicou um decreto reduzindo em R$ 5,5 bilh\u00f5es o or\u00e7amento deste ano.<\/p>\n","protected":false},"author":1,"featured_media":8497,"comment_status":"open","ping_status":"open","sticky":false,"template":"","format":"standard","meta":{"footnotes":""},"categories":[2],"tags":[],"class_list":["post-8496","post","type-post","status-publish","format-standard","has-post-thumbnail","hentry","category-noticias"],"_links":{"self":[{"href":"https:\/\/jornaloalvorada.com.br\/site\/wp-json\/wp\/v2\/posts\/8496","targetHints":{"allow":["GET"]}}],"collection":[{"href":"https:\/\/jornaloalvorada.com.br\/site\/wp-json\/wp\/v2\/posts"}],"about":[{"href":"https:\/\/jornaloalvorada.com.br\/site\/wp-json\/wp\/v2\/types\/post"}],"author":[{"embeddable":true,"href":"https:\/\/jornaloalvorada.com.br\/site\/wp-json\/wp\/v2\/users\/1"}],"replies":[{"embeddable":true,"href":"https:\/\/jornaloalvorada.com.br\/site\/wp-json\/wp\/v2\/comments?post=8496"}],"version-history":[{"count":1,"href":"https:\/\/jornaloalvorada.com.br\/site\/wp-json\/wp\/v2\/posts\/8496\/revisions"}],"predecessor-version":[{"id":8498,"href":"https:\/\/jornaloalvorada.com.br\/site\/wp-json\/wp\/v2\/posts\/8496\/revisions\/8498"}],"wp:featuredmedia":[{"embeddable":true,"href":"https:\/\/jornaloalvorada.com.br\/site\/wp-json\/wp\/v2\/media\/8497"}],"wp:attachment":[{"href":"https:\/\/jornaloalvorada.com.br\/site\/wp-json\/wp\/v2\/media?parent=8496"}],"wp:term":[{"taxonomy":"category","embeddable":true,"href":"https:\/\/jornaloalvorada.com.br\/site\/wp-json\/wp\/v2\/categories?post=8496"},{"taxonomy":"post_tag","embeddable":true,"href":"https:\/\/jornaloalvorada.com.br\/site\/wp-json\/wp\/v2\/tags?post=8496"}],"curies":[{"name":"wp","href":"https:\/\/api.w.org\/{rel}","templated":true}]}}