{"id":8493,"date":"2024-12-02T09:12:12","date_gmt":"2024-12-02T13:12:12","guid":{"rendered":"https:\/\/jornaloalvorada.com.br\/site\/?p=8493"},"modified":"2024-12-02T09:12:15","modified_gmt":"2024-12-02T13:12:15","slug":"indicado-por-trump-ao-fbi-promete-expor-segredos-chocantes-sobre-diddy","status":"publish","type":"post","link":"https:\/\/jornaloalvorada.com.br\/site\/2024\/12\/02\/indicado-por-trump-ao-fbi-promete-expor-segredos-chocantes-sobre-diddy\/","title":{"rendered":"Indicado por Trump ao FBI promete expor segredos chocantes sobre Diddy"},"content":{"rendered":"\n<p>No \u00faltimo s\u00e1bado (30\/11), a pol\u00edtica dos Estados Unidos voltou a centrar suas aten\u00e7\u00f5es em <a href=\"https:\/\/terrabrasilnoticias.com\/2024\/11\/donald-trump-vence-no-arizona-e-leva-os-sete-estados-pendulo\/\" target=\"_blank\" rel=\"noreferrer noopener\">Donald Trump<\/a>, que anunciou a inten\u00e7\u00e3o de nomear <strong>Kash Patel<\/strong> como diretor do Federal Bureau of Investigation (FBI). Patel, conhecido por sua proximidade com Trump e por suas declara\u00e7\u00f5es controversas, ganha destaque pelo que promete ser uma s\u00e9rie de revela\u00e7\u00f5es contundentes, inclusive sobre P. Diddy.<\/p>\n\n\n\n<p>O an\u00fancio gerou rea\u00e7\u00f5es imediatas e acaloradas, principalmente porque Patel afirmou que Trump pretende divulgar documentos confidenciais que prometem abalar estruturas pol\u00edticas e sociais ao retorno \u00e0 Casa Branca. Tais documentos supostamente envolvem figuras de destaque, como Jeffrey Epstein e o rapper Sean \u201cP. Diddy\u201d Combs.<\/p>\n\n\n\n<h2 class=\"wp-block-heading\">Como Foram as Declara\u00e7\u00f5es de Kash Patel?<\/h2>\n\n\n\n<figure class=\"wp-block-image\"><img decoding=\"async\" src=\"https:\/\/terrabrasilnoticias.com\/wp-content\/uploads\/2024\/12\/01-11-1024x639.jpg\" alt=\"\"\/><figcaption class=\"wp-element-caption\">Kash Patel\/Wikimedia Commons<\/figcaption><\/figure>\n\n\n\n<p>As declara\u00e7\u00f5es de Patel foram feitas durante um epis\u00f3dio recente de seu podcast, onde ressaltou que a exposi\u00e7\u00e3o dos documentos seria crucial para restaurar a confian\u00e7a p\u00fablica nas institui\u00e7\u00f5es governamentais. Entre os temas mencionados, Patel citou materiais relacionados ao infame caso de tr\u00e1fico sexual envolvendo Jeffrey Epstein, al\u00e9m de acusa\u00e7\u00f5es de crimes graves contra P. Diddy.<\/p>\n\n\n\n<p>A ideia de tornar p\u00fablicos tais documentos encontrou respaldo em Elon Musk, cr\u00edtico constante da opacidade governamental. Contudo, as implica\u00e7\u00f5es legais e a viabilidade de tal medida ainda dividem opini\u00f5es dentro do Partido Republicano.<\/p>\n\n\n\n<h2 class=\"wp-block-heading\">Qual o Impacto das Acusa\u00e7\u00f5es Contra P. Diddy?<\/h2>\n\n\n\n<p>Recentemente, P. Diddy viu sua reputa\u00e7\u00e3o abalada por uma s\u00e9rie de acusa\u00e7\u00f5es criminais graves. Detido em setembro de 2023, o rapper enfrenta m\u00faltiplas acusa\u00e7\u00f5es, incluindo <em>conspira\u00e7\u00e3o para extors\u00e3o<\/em>, tr\u00e1fico sexual e outros delitos graves. As investiga\u00e7\u00f5es trouxeram \u00e0 tona detalhes perturbadores, como festas conhecidas como \u201cFreak-offs\u201d, que supostamente envolviam drogas e extors\u00e3o.<\/p>\n\n\n\n<p>Essas revela\u00e7\u00f5es impactaram significativamente a imagem de Diddy, especialmente \u00e0 medida que as investiga\u00e7\u00f5es se aprofundam e mais detalhes v\u00eam \u00e0 tona. Os eventos geraram uma onda de cobertura na m\u00eddia e levantaram quest\u00f5es sobre a influ\u00eancia de figuras p\u00fablicas no encobrimento de atividades criminosas.<\/p>\n\n\n\n<h2 class=\"wp-block-heading\">Quais S\u00e3o as Implica\u00e7\u00f5es para o Senado e para a Sociedade?<\/h2>\n\n\n\n<p>A nomea\u00e7\u00e3o de Kash Patel para liderar o FBI n\u00e3o \u00e9 apenas um movimento estrat\u00e9gico, mas tamb\u00e9m pol\u00edtico, e depende da aprova\u00e7\u00e3o do Senado. Esse processo de nomea\u00e7\u00e3o, que tradicionalmente envolve r\u00edgido escrut\u00ednio, torna-se mais complexo devido ao hist\u00f3rico de Patel e \u00e0s suas recentes declara\u00e7\u00f5es.<\/p>\n\n\n\n<p>A potencial divulga\u00e7\u00e3o dos documentos por Trump sob a dire\u00e7\u00e3o de Patel poderia redefinir a fronteira entre transpar\u00eancia e confidencialidade governamental. Al\u00e9m disso, h\u00e1 preocupa\u00e7\u00f5es sobre as repercuss\u00f5es legais de tal a\u00e7\u00e3o, que podem incluir processos judiciais e desafios constitucionais.<\/p>\n\n\n\n<p>No cora\u00e7\u00e3o dessa controv\u00e9rsia est\u00e1 uma complexa teia legal e pol\u00edtica. A divulga\u00e7\u00e3o de documentos confidenciais carrega riscos de quebrar normas legais estabelecidas, incluindo leis de seguran\u00e7a nacional. Al\u00e9m disso, a transpar\u00eancia prometida por Patel deve ser cuidadosamente equilibrada com a confidencialidade necess\u00e1ria para proteger interesses nacionais.<\/p>\n\n\n\n<p>Enquanto a situa\u00e7\u00e3o continua a evoluir, o desenrolar dos acontecimentos ao redor da nomea\u00e7\u00e3o de Patel e suas poss\u00edveis a\u00e7\u00f5es futuras prometem ser um teste decisivo para a administra\u00e7\u00e3o de Trump, e potencialmente moldar o discurso pol\u00edtico dos Estados Unidos em anos vindouros.<\/p>\n\n\n\n<p><strong><em>Fonte: Terra Brasil Not\u00edcias<\/em><\/strong><\/p>\n\n\n\n<p><\/p>\n","protected":false},"excerpt":{"rendered":"<p>No \u00faltimo s\u00e1bado (30\/11), a pol\u00edtica dos Estados Unidos voltou a centrar suas aten\u00e7\u00f5es em Donald Trump, que anunciou a<\/p>\n","protected":false},"author":1,"featured_media":8494,"comment_status":"open","ping_status":"open","sticky":false,"template":"","format":"standard","meta":{"footnotes":""},"categories":[2],"tags":[],"class_list":["post-8493","post","type-post","status-publish","format-standard","has-post-thumbnail","hentry","category-noticias"],"_links":{"self":[{"href":"https:\/\/jornaloalvorada.com.br\/site\/wp-json\/wp\/v2\/posts\/8493","targetHints":{"allow":["GET"]}}],"collection":[{"href":"https:\/\/jornaloalvorada.com.br\/site\/wp-json\/wp\/v2\/posts"}],"about":[{"href":"https:\/\/jornaloalvorada.com.br\/site\/wp-json\/wp\/v2\/types\/post"}],"author":[{"embeddable":true,"href":"https:\/\/jornaloalvorada.com.br\/site\/wp-json\/wp\/v2\/users\/1"}],"replies":[{"embeddable":true,"href":"https:\/\/jornaloalvorada.com.br\/site\/wp-json\/wp\/v2\/comments?post=8493"}],"version-history":[{"count":1,"href":"https:\/\/jornaloalvorada.com.br\/site\/wp-json\/wp\/v2\/posts\/8493\/revisions"}],"predecessor-version":[{"id":8495,"href":"https:\/\/jornaloalvorada.com.br\/site\/wp-json\/wp\/v2\/posts\/8493\/revisions\/8495"}],"wp:featuredmedia":[{"embeddable":true,"href":"https:\/\/jornaloalvorada.com.br\/site\/wp-json\/wp\/v2\/media\/8494"}],"wp:attachment":[{"href":"https:\/\/jornaloalvorada.com.br\/site\/wp-json\/wp\/v2\/media?parent=8493"}],"wp:term":[{"taxonomy":"category","embeddable":true,"href":"https:\/\/jornaloalvorada.com.br\/site\/wp-json\/wp\/v2\/categories?post=8493"},{"taxonomy":"post_tag","embeddable":true,"href":"https:\/\/jornaloalvorada.com.br\/site\/wp-json\/wp\/v2\/tags?post=8493"}],"curies":[{"name":"wp","href":"https:\/\/api.w.org\/{rel}","templated":true}]}}