{"id":8490,"date":"2024-12-02T09:10:30","date_gmt":"2024-12-02T13:10:30","guid":{"rendered":"https:\/\/jornaloalvorada.com.br\/site\/?p=8490"},"modified":"2024-12-02T09:10:32","modified_gmt":"2024-12-02T13:10:32","slug":"pix-bate-recorde-de-transacoes-no-dia-da-black-friday","status":"publish","type":"post","link":"https:\/\/jornaloalvorada.com.br\/site\/2024\/12\/02\/pix-bate-recorde-de-transacoes-no-dia-da-black-friday\/","title":{"rendered":"Pix bate recorde de transa\u00e7\u00f5es no dia da Black Friday"},"content":{"rendered":"\n<p>O volume de transa\u00e7\u00f5es di\u00e1rias do Pix atingiu um novo recorde na \u00faltima sexta-feira (29). Segundo o Banco Central (BC), foram registradas 239,9 milh\u00f5es de transa\u00e7\u00f5es em um \u00fanico dia.<\/p>\n\n\n\n<p>O valor financeiro das 239, 9 milh\u00f5es de transa\u00e7\u00f5es \u00e9 de R$ 130 bilh\u00f5es. O volume coincide com a data de pagamento da primeira parcela do 13\u00b0 e da realiza\u00e7\u00e3o da Black Friday.<\/p>\n\n\n\n<p>O recorde anterior havia sido registrado em 6 de setembro deste ano, quando o BC contabilizou 227,4 milh\u00f5es de transa\u00e7\u00f5es em um \u00fanico dia.<\/p>\n\n\n\n<p>\u201cOs n\u00fameros s\u00e3o mais uma demonstra\u00e7\u00e3o da import\u00e2ncia do Pix como infraestrutura digital p\u00fablica, para a promo\u00e7\u00e3o da inclus\u00e3o financeira, da inova\u00e7\u00e3o e da concorr\u00eancia na presta\u00e7\u00e3o de servi\u00e7os de pagamentos no Brasil\u201d, disse o BC em nota.<\/p>\n","protected":false},"excerpt":{"rendered":"<p>O volume de transa\u00e7\u00f5es di\u00e1rias do Pix atingiu um novo recorde na \u00faltima sexta-feira (29). Segundo o Banco Central (BC),<\/p>\n","protected":false},"author":1,"featured_media":8491,"comment_status":"open","ping_status":"open","sticky":false,"template":"","format":"standard","meta":{"footnotes":""},"categories":[2],"tags":[],"class_list":["post-8490","post","type-post","status-publish","format-standard","has-post-thumbnail","hentry","category-noticias"],"_links":{"self":[{"href":"https:\/\/jornaloalvorada.com.br\/site\/wp-json\/wp\/v2\/posts\/8490","targetHints":{"allow":["GET"]}}],"collection":[{"href":"https:\/\/jornaloalvorada.com.br\/site\/wp-json\/wp\/v2\/posts"}],"about":[{"href":"https:\/\/jornaloalvorada.com.br\/site\/wp-json\/wp\/v2\/types\/post"}],"author":[{"embeddable":true,"href":"https:\/\/jornaloalvorada.com.br\/site\/wp-json\/wp\/v2\/users\/1"}],"replies":[{"embeddable":true,"href":"https:\/\/jornaloalvorada.com.br\/site\/wp-json\/wp\/v2\/comments?post=8490"}],"version-history":[{"count":1,"href":"https:\/\/jornaloalvorada.com.br\/site\/wp-json\/wp\/v2\/posts\/8490\/revisions"}],"predecessor-version":[{"id":8492,"href":"https:\/\/jornaloalvorada.com.br\/site\/wp-json\/wp\/v2\/posts\/8490\/revisions\/8492"}],"wp:featuredmedia":[{"embeddable":true,"href":"https:\/\/jornaloalvorada.com.br\/site\/wp-json\/wp\/v2\/media\/8491"}],"wp:attachment":[{"href":"https:\/\/jornaloalvorada.com.br\/site\/wp-json\/wp\/v2\/media?parent=8490"}],"wp:term":[{"taxonomy":"category","embeddable":true,"href":"https:\/\/jornaloalvorada.com.br\/site\/wp-json\/wp\/v2\/categories?post=8490"},{"taxonomy":"post_tag","embeddable":true,"href":"https:\/\/jornaloalvorada.com.br\/site\/wp-json\/wp\/v2\/tags?post=8490"}],"curies":[{"name":"wp","href":"https:\/\/api.w.org\/{rel}","templated":true}]}}