{"id":8479,"date":"2024-11-29T08:33:28","date_gmt":"2024-11-29T12:33:28","guid":{"rendered":"https:\/\/jornaloalvorada.com.br\/site\/?p=8479"},"modified":"2024-11-29T08:33:31","modified_gmt":"2024-11-29T12:33:31","slug":"urgente-maduro-corta-agua-e-bloqueia-comida-na-embaixada-do-brasil","status":"publish","type":"post","link":"https:\/\/jornaloalvorada.com.br\/site\/2024\/11\/29\/urgente-maduro-corta-agua-e-bloqueia-comida-na-embaixada-do-brasil\/","title":{"rendered":"URGENTE: Maduro corta \u00e1gua e bloqueia comida na embaixada do Brasil"},"content":{"rendered":"\n<p>O regime de Nicol\u00e1s Maduro cortou o acesso \u00e0 \u00e1gua pot\u00e1vel e est\u00e1 restringindo a entrada de alimentos na Embaixada da Argentina na Venezuela, que est\u00e1 sob cust\u00f3dia do Brasil, segundo a oposi\u00e7\u00e3o venezuelana. As informa\u00e7\u00f5es foram divulgadas nesta quinta-feira (28).<\/p>\n\n\n\n<p>Seis opositores de Maduro, que trabalham para a l\u00edder opositora Mar\u00eda Corina Machado, est\u00e3o asilados na embaixada. Desde setembro, for\u00e7as de seguran\u00e7a venezuelanas cercam o pr\u00e9dio, que fica em Caracas.<\/p>\n\n\n\n<p>O Brasil assumiu a responsabilidade da Embaixada da Argentina na Venezuela no fim de julho, quando Maduro expulsou representantes diplom\u00e1ticos argentinos do pa\u00eds.<\/p>\n\n\n\n<p>Segundo a oposi\u00e7\u00e3o, o regime venezuelano tamb\u00e9m cortou a luz el\u00e9trica da embaixada. O candidato opositor nas elei\u00e7\u00f5es presidenciais, Edmundo Gonz\u00e1lez, afirmou que o governo est\u00e1 violando os direitos humanos.<\/p>\n\n\n\n<p>&#8220;Essas a\u00e7\u00f5es n\u00e3o s\u00f3 violam os direitos fundamentais, como tamb\u00e9m acordos internacionais sobre prote\u00e7\u00e3o e ref\u00fagio diplom\u00e1tico. Exigimos respeito \u00e0 humanidade e ao direito internacional&#8221;, afirmou.<br>Gonz\u00e1lez est\u00e1 exilado na Espanha. Em julho, as autoridades eleitorais da Venezuela \u2014 controladas por Maduro \u2014 afirmaram que ele ficou em segundo lugar nas elei\u00e7\u00f5es presidenciais. No entanto, a oposi\u00e7\u00e3o garante que o candidato venceu com ampla vantagem com base em dados de documentos impressos pelas urnas de vota\u00e7\u00e3o.<\/p>\n\n\n\n<p>Sobre a situa\u00e7\u00e3o na Embaixada da Argentina na Venezuela, o g1 entrou em contato com o Itamaraty e aguarda retorno.<\/p>\n\n\n\n<p>De acordo com a Conven\u00e7\u00e3o de Viena sobre as Rela\u00e7\u00f5es Diplom\u00e1ticas, de 1961, os locais de miss\u00f5es de um pa\u00eds dentro de um outro \u2014 como embaixadas e consulados \u2014 s\u00e3o considerados inviol\u00e1veis.<\/p>\n\n\n\n<p>Segundo o tratado, a entrada de agentes de estado dentro desses locais depende da autoriza\u00e7\u00e3o do chefe da miss\u00e3o estrangeira. Neste caso, caberia uma autoriza\u00e7\u00e3o brasileira.<\/p>\n\n\n\n<p>Em caso de entrada sem autoriza\u00e7\u00e3o, o caso seria visto como uma viola\u00e7\u00e3o do direito internacional.<\/p>\n\n\n\n<p><strong><em>Fonte: g1\/Terra Brasil Not\u00edcias<\/em><\/strong><\/p>\n","protected":false},"excerpt":{"rendered":"<p>O regime de Nicol\u00e1s Maduro cortou o acesso \u00e0 \u00e1gua pot\u00e1vel e est\u00e1 restringindo a entrada de alimentos na Embaixada<\/p>\n","protected":false},"author":1,"featured_media":8480,"comment_status":"open","ping_status":"open","sticky":false,"template":"","format":"standard","meta":{"footnotes":""},"categories":[2],"tags":[],"class_list":["post-8479","post","type-post","status-publish","format-standard","has-post-thumbnail","hentry","category-noticias"],"_links":{"self":[{"href":"https:\/\/jornaloalvorada.com.br\/site\/wp-json\/wp\/v2\/posts\/8479","targetHints":{"allow":["GET"]}}],"collection":[{"href":"https:\/\/jornaloalvorada.com.br\/site\/wp-json\/wp\/v2\/posts"}],"about":[{"href":"https:\/\/jornaloalvorada.com.br\/site\/wp-json\/wp\/v2\/types\/post"}],"author":[{"embeddable":true,"href":"https:\/\/jornaloalvorada.com.br\/site\/wp-json\/wp\/v2\/users\/1"}],"replies":[{"embeddable":true,"href":"https:\/\/jornaloalvorada.com.br\/site\/wp-json\/wp\/v2\/comments?post=8479"}],"version-history":[{"count":1,"href":"https:\/\/jornaloalvorada.com.br\/site\/wp-json\/wp\/v2\/posts\/8479\/revisions"}],"predecessor-version":[{"id":8481,"href":"https:\/\/jornaloalvorada.com.br\/site\/wp-json\/wp\/v2\/posts\/8479\/revisions\/8481"}],"wp:featuredmedia":[{"embeddable":true,"href":"https:\/\/jornaloalvorada.com.br\/site\/wp-json\/wp\/v2\/media\/8480"}],"wp:attachment":[{"href":"https:\/\/jornaloalvorada.com.br\/site\/wp-json\/wp\/v2\/media?parent=8479"}],"wp:term":[{"taxonomy":"category","embeddable":true,"href":"https:\/\/jornaloalvorada.com.br\/site\/wp-json\/wp\/v2\/categories?post=8479"},{"taxonomy":"post_tag","embeddable":true,"href":"https:\/\/jornaloalvorada.com.br\/site\/wp-json\/wp\/v2\/tags?post=8479"}],"curies":[{"name":"wp","href":"https:\/\/api.w.org\/{rel}","templated":true}]}}