{"id":8449,"date":"2024-11-28T15:39:14","date_gmt":"2024-11-28T19:39:14","guid":{"rendered":"https:\/\/jornaloalvorada.com.br\/site\/?p=8449"},"modified":"2024-11-28T15:39:16","modified_gmt":"2024-11-28T19:39:16","slug":"prefeitura-abre-licitacao-de-r-395-mil-para-aprimorar-sistema-de-reciclagem","status":"publish","type":"post","link":"https:\/\/jornaloalvorada.com.br\/site\/2024\/11\/28\/prefeitura-abre-licitacao-de-r-395-mil-para-aprimorar-sistema-de-reciclagem\/","title":{"rendered":"Prefeitura abre licita\u00e7\u00e3o de R$ 395 mil para aprimorar sistema de reciclagem"},"content":{"rendered":"\n<p>A Prefeitura de Nova Alvorada do Sul <strong><a href=\"https:\/\/bllcompras.com\/Process\/ProcessView?param1=%5Bgkz%5D0rmBqrYavx8zl8PVLyJVf7qDClbMZwOlAJjbYgyQBNz1oWuk7DAvz8y5PUQU4GT77nkA0dy2xXegX_njxh7rMwVQZ6ECPioBmRe9nQs49Z8%3D\">abriu licita\u00e7\u00e3o<\/a><\/strong> para a contrata\u00e7\u00e3o de empresas que fornecer\u00e3o e instalar\u00e3o equipamentos na Unidade de Valoriza\u00e7\u00e3o de Recicl\u00e1veis (UVR) do munic\u00edpio. O valor estimado para o processo \u00e9 de R$ 395.065,67. A iniciativa faz parte do programa ITAIPU MAIS QUE ENERGIA, da Itaipu Binacional, com o objetivo de aprimorar a coleta e o descarte correto dos res\u00edduos no munic\u00edpio.<\/p>\n\n\n\n<p>A licita\u00e7\u00e3o visa \u00e0 aquisi\u00e7\u00e3o de equipamentos como balan\u00e7a eletr\u00f4nica, empilhadeira motorizada, esteiras de separa\u00e7\u00e3o e prensadora vertical, todos essenciais para melhorar a efici\u00eancia da UVR e facilitar o manejo dos materiais recicl\u00e1veis. Esses equipamentos ser\u00e3o utilizados para otimizar o processo de triagem e compacta\u00e7\u00e3o de res\u00edduos, garantindo maior produtividade e efici\u00eancia nas a\u00e7\u00f5es de reciclagem.<\/p>\n\n\n\n<p>O programa ITAIPU MAIS QUE ENERGIA \u00e9 uma parceria entre a Itaipu Binacional e a Caixa Econ\u00f4mica Federal, que destina recursos a projetos de saneamento ambiental e manejo de res\u00edduos. A Prefeitura de Nova Alvorada do Sul ser\u00e1 uma das contempladas com esses recursos, que visam fortalecer a gest\u00e3o de res\u00edduos s\u00f3lidos no munic\u00edpio, promovendo a sustentabilidade e a conscientiza\u00e7\u00e3o ambiental entre a popula\u00e7\u00e3o.<\/p>\n\n\n\n<p>A abertura das propostas ocorrer\u00e1 no dia 10 de dezembro de 2024, \u00e0s 08h00, e o crit\u00e9rio de julgamento ser\u00e1 o menor pre\u00e7o por item. As empresas interessadas podem enviar suas propostas at\u00e9 o dia 10 de dezembro de 2024, \u00e0s 08h00.<\/p>\n\n\n\n<p>O objetivo final \u00e9 melhorar a destina\u00e7\u00e3o dos res\u00edduos, fortalecer a infraestrutura do munic\u00edpio e promover a sustentabilidade ambiental por meio da correta separa\u00e7\u00e3o e aproveitamento dos materiais recicl\u00e1veis.<\/p>\n\n\n\n<p><strong><em>Fonte: Alvorada Informa<\/em><\/strong><\/p>\n","protected":false},"excerpt":{"rendered":"<p>A Prefeitura de Nova Alvorada do Sul abriu licita\u00e7\u00e3o para a contrata\u00e7\u00e3o de empresas que fornecer\u00e3o e instalar\u00e3o equipamentos na<\/p>\n","protected":false},"author":1,"featured_media":8450,"comment_status":"open","ping_status":"open","sticky":false,"template":"","format":"standard","meta":{"footnotes":""},"categories":[2],"tags":[],"class_list":["post-8449","post","type-post","status-publish","format-standard","has-post-thumbnail","hentry","category-noticias"],"_links":{"self":[{"href":"https:\/\/jornaloalvorada.com.br\/site\/wp-json\/wp\/v2\/posts\/8449","targetHints":{"allow":["GET"]}}],"collection":[{"href":"https:\/\/jornaloalvorada.com.br\/site\/wp-json\/wp\/v2\/posts"}],"about":[{"href":"https:\/\/jornaloalvorada.com.br\/site\/wp-json\/wp\/v2\/types\/post"}],"author":[{"embeddable":true,"href":"https:\/\/jornaloalvorada.com.br\/site\/wp-json\/wp\/v2\/users\/1"}],"replies":[{"embeddable":true,"href":"https:\/\/jornaloalvorada.com.br\/site\/wp-json\/wp\/v2\/comments?post=8449"}],"version-history":[{"count":1,"href":"https:\/\/jornaloalvorada.com.br\/site\/wp-json\/wp\/v2\/posts\/8449\/revisions"}],"predecessor-version":[{"id":8451,"href":"https:\/\/jornaloalvorada.com.br\/site\/wp-json\/wp\/v2\/posts\/8449\/revisions\/8451"}],"wp:featuredmedia":[{"embeddable":true,"href":"https:\/\/jornaloalvorada.com.br\/site\/wp-json\/wp\/v2\/media\/8450"}],"wp:attachment":[{"href":"https:\/\/jornaloalvorada.com.br\/site\/wp-json\/wp\/v2\/media?parent=8449"}],"wp:term":[{"taxonomy":"category","embeddable":true,"href":"https:\/\/jornaloalvorada.com.br\/site\/wp-json\/wp\/v2\/categories?post=8449"},{"taxonomy":"post_tag","embeddable":true,"href":"https:\/\/jornaloalvorada.com.br\/site\/wp-json\/wp\/v2\/tags?post=8449"}],"curies":[{"name":"wp","href":"https:\/\/api.w.org\/{rel}","templated":true}]}}