{"id":8446,"date":"2024-11-28T15:00:15","date_gmt":"2024-11-28T19:00:15","guid":{"rendered":"https:\/\/jornaloalvorada.com.br\/site\/?p=8446"},"modified":"2024-11-28T15:00:17","modified_gmt":"2024-11-28T19:00:17","slug":"com-acao-de-riedel-ms-supera-ganha-mais-200-bolsas-de-estudo","status":"publish","type":"post","link":"https:\/\/jornaloalvorada.com.br\/site\/2024\/11\/28\/com-acao-de-riedel-ms-supera-ganha-mais-200-bolsas-de-estudo\/","title":{"rendered":"Com a\u00e7\u00e3o de Riedel, &#8216;MS Supera&#8217; ganha mais 200 bolsas de estudo"},"content":{"rendered":"\n<p>Instrumento para estimular a perman\u00eancia no Ensino Superior ou em cursos de educa\u00e7\u00e3o profissional t\u00e9cnica de n\u00edvel m\u00e9dio para pessoas em situa\u00e7\u00e3o de vulnerabilidade socioecon\u00f4mica, o MS Supera foi ampliado em 200 vagas, passando a 2.200 bolsas de estudo.<\/p>\n\n\n\n<p>Assinada pelo governador Eduardo Riedel e pela titular da Sead (Secretaria de Estado de Assist\u00eancia Social e Direitos Humanos), Patr\u00edcia Cozzolino, a resolu\u00e7\u00e3o publicada nesta segunda-feira (25) no Di\u00e1rio Oficial j\u00e1 est\u00e1 em vigor, sendo que 200 estudantes do cadastro de reserva ser\u00e3o convocados em breve.<\/p>\n\n\n\n<p>Coordenado pela Sead, o programa concede o benef\u00edcio de um sal\u00e1rio m\u00ednimo aos alunos, sejam de institui\u00e7\u00f5es p\u00fablicas ou privadas. O MS Supera beneficia pessoas como Gabriela Alves dos Santos Pires, que j\u00e1 trabalhou como bab\u00e1 e cuidadora e hoje \u00e9 acad\u00eamica de Medicina na UFMS (Universidade Federal de Mato Grosso do Sul).<\/p>\n\n\n\n<p>Para ela, o programa significa tranquilidade para que possa continuar estudando em per\u00edodo integral.<\/p>\n\n\n\n<p>&#8220;Depois que fiz a matr\u00edcula, fiquei sabendo do benef\u00edcio e consegui receber a partir do 2\u00ba processo, em junho. Antes de conseguir, fiquei preocupada porque tive a aprova\u00e7\u00e3o, mas n\u00e3o tinha o sal\u00e1rio que ajudava muito&#8221;, destacou, completando.<\/p>\n\n\n\n<p>&#8220;Nos primeiros meses foi tudo muito limitado. O MS Supera para mim \u00e9 tranquilidade. Sem o benef\u00edcio, a qualidade de vida seria p\u00e9ssima. Eu ia ficar pensando nos problemas, nas contas&#8221;, contou.<\/p>\n\n\n\n<p><strong>Servi\u00e7o<\/strong><\/p>\n\n\n\n<p>Para quem quiser mais informa\u00e7\u00f5es sobre o programa, a Supes (Superintend\u00eancia de Programas Sociais Estruturantes) fica na Rua 14 de Julho, 1269, no Centro de Campo Grande. O WhatsApp do MS Supera \u00e9 o (67) 3314-4848 e o e-mail \u00e9 mssupera@sead.ms.gov.br.<\/p>\n\n\n\n<p><strong><em>Fonte: Alvorada Informa<\/em><\/strong><\/p>\n","protected":false},"excerpt":{"rendered":"<p>Instrumento para estimular a perman\u00eancia no Ensino Superior ou em cursos de educa\u00e7\u00e3o profissional t\u00e9cnica de n\u00edvel m\u00e9dio para pessoas<\/p>\n","protected":false},"author":1,"featured_media":8447,"comment_status":"open","ping_status":"open","sticky":false,"template":"","format":"standard","meta":{"footnotes":""},"categories":[2],"tags":[],"class_list":["post-8446","post","type-post","status-publish","format-standard","has-post-thumbnail","hentry","category-noticias"],"_links":{"self":[{"href":"https:\/\/jornaloalvorada.com.br\/site\/wp-json\/wp\/v2\/posts\/8446","targetHints":{"allow":["GET"]}}],"collection":[{"href":"https:\/\/jornaloalvorada.com.br\/site\/wp-json\/wp\/v2\/posts"}],"about":[{"href":"https:\/\/jornaloalvorada.com.br\/site\/wp-json\/wp\/v2\/types\/post"}],"author":[{"embeddable":true,"href":"https:\/\/jornaloalvorada.com.br\/site\/wp-json\/wp\/v2\/users\/1"}],"replies":[{"embeddable":true,"href":"https:\/\/jornaloalvorada.com.br\/site\/wp-json\/wp\/v2\/comments?post=8446"}],"version-history":[{"count":1,"href":"https:\/\/jornaloalvorada.com.br\/site\/wp-json\/wp\/v2\/posts\/8446\/revisions"}],"predecessor-version":[{"id":8448,"href":"https:\/\/jornaloalvorada.com.br\/site\/wp-json\/wp\/v2\/posts\/8446\/revisions\/8448"}],"wp:featuredmedia":[{"embeddable":true,"href":"https:\/\/jornaloalvorada.com.br\/site\/wp-json\/wp\/v2\/media\/8447"}],"wp:attachment":[{"href":"https:\/\/jornaloalvorada.com.br\/site\/wp-json\/wp\/v2\/media?parent=8446"}],"wp:term":[{"taxonomy":"category","embeddable":true,"href":"https:\/\/jornaloalvorada.com.br\/site\/wp-json\/wp\/v2\/categories?post=8446"},{"taxonomy":"post_tag","embeddable":true,"href":"https:\/\/jornaloalvorada.com.br\/site\/wp-json\/wp\/v2\/tags?post=8446"}],"curies":[{"name":"wp","href":"https:\/\/api.w.org\/{rel}","templated":true}]}}