{"id":8416,"date":"2024-11-27T14:21:04","date_gmt":"2024-11-27T18:21:04","guid":{"rendered":"https:\/\/jornaloalvorada.com.br\/site\/?p=8416"},"modified":"2024-11-27T14:21:05","modified_gmt":"2024-11-27T18:21:05","slug":"confira-as-vagas-de-emprego-disponiveis-nesta-semana-na-casa-do-trabalhador-ciat-de-nova-alvorada-do-sul","status":"publish","type":"post","link":"https:\/\/jornaloalvorada.com.br\/site\/2024\/11\/27\/confira-as-vagas-de-emprego-disponiveis-nesta-semana-na-casa-do-trabalhador-ciat-de-nova-alvorada-do-sul\/","title":{"rendered":"Confira as vagas de emprego dispon\u00edveis nesta semana na Casa do Trabalhador (CIAT) de Nova Alvorada do Sul!"},"content":{"rendered":"\n<p>Os interessados devem comparecer \u00e0 unidade da Casa do Trabalhador, localizada na Rua Ant\u00f4nio Carlos Barbosa, n\u00ba 1.195, Bairro Maria de Lourdes (Secretaria de Assist\u00eancia Social), no hor\u00e1rio das 7h \u00e0s 13h.<\/p>\n\n\n\n<p>\u00c9 necess\u00e1rio levar:<\/p>\n\n\n\n<p>* Documentos pessoais<\/p>\n\n\n\n<p>* Carteira de trabalho<\/p>\n\n\n\n<p>* Curr\u00edculo atualizado<\/p>\n\n\n\n<p>N\u00e3o perca essa oportunidade de garantir seu lugar no mercado de trabalho!<\/p>\n\n\n\n<figure class=\"wp-block-image size-full\"><img loading=\"lazy\" decoding=\"async\" width=\"1234\" height=\"1600\" src=\"https:\/\/jornaloalvorada.com.br\/site\/wp-content\/uploads\/2024\/11\/468521653_884136360507156_1211372452175955116_n.jpg\" alt=\"\" class=\"wp-image-8417\" srcset=\"https:\/\/jornaloalvorada.com.br\/site\/wp-content\/uploads\/2024\/11\/468521653_884136360507156_1211372452175955116_n.jpg 1234w, https:\/\/jornaloalvorada.com.br\/site\/wp-content\/uploads\/2024\/11\/468521653_884136360507156_1211372452175955116_n-231x300.jpg 231w, https:\/\/jornaloalvorada.com.br\/site\/wp-content\/uploads\/2024\/11\/468521653_884136360507156_1211372452175955116_n-790x1024.jpg 790w, https:\/\/jornaloalvorada.com.br\/site\/wp-content\/uploads\/2024\/11\/468521653_884136360507156_1211372452175955116_n-768x996.jpg 768w, https:\/\/jornaloalvorada.com.br\/site\/wp-content\/uploads\/2024\/11\/468521653_884136360507156_1211372452175955116_n-1185x1536.jpg 1185w\" sizes=\"auto, (max-width: 1234px) 100vw, 1234px\" \/><\/figure>\n","protected":false},"excerpt":{"rendered":"<p>Os interessados devem comparecer \u00e0 unidade da Casa do Trabalhador, localizada na Rua Ant\u00f4nio Carlos Barbosa, n\u00ba 1.195, Bairro Maria<\/p>\n","protected":false},"author":1,"featured_media":8418,"comment_status":"open","ping_status":"open","sticky":false,"template":"","format":"standard","meta":{"footnotes":""},"categories":[2],"tags":[],"class_list":["post-8416","post","type-post","status-publish","format-standard","has-post-thumbnail","hentry","category-noticias"],"_links":{"self":[{"href":"https:\/\/jornaloalvorada.com.br\/site\/wp-json\/wp\/v2\/posts\/8416","targetHints":{"allow":["GET"]}}],"collection":[{"href":"https:\/\/jornaloalvorada.com.br\/site\/wp-json\/wp\/v2\/posts"}],"about":[{"href":"https:\/\/jornaloalvorada.com.br\/site\/wp-json\/wp\/v2\/types\/post"}],"author":[{"embeddable":true,"href":"https:\/\/jornaloalvorada.com.br\/site\/wp-json\/wp\/v2\/users\/1"}],"replies":[{"embeddable":true,"href":"https:\/\/jornaloalvorada.com.br\/site\/wp-json\/wp\/v2\/comments?post=8416"}],"version-history":[{"count":1,"href":"https:\/\/jornaloalvorada.com.br\/site\/wp-json\/wp\/v2\/posts\/8416\/revisions"}],"predecessor-version":[{"id":8419,"href":"https:\/\/jornaloalvorada.com.br\/site\/wp-json\/wp\/v2\/posts\/8416\/revisions\/8419"}],"wp:featuredmedia":[{"embeddable":true,"href":"https:\/\/jornaloalvorada.com.br\/site\/wp-json\/wp\/v2\/media\/8418"}],"wp:attachment":[{"href":"https:\/\/jornaloalvorada.com.br\/site\/wp-json\/wp\/v2\/media?parent=8416"}],"wp:term":[{"taxonomy":"category","embeddable":true,"href":"https:\/\/jornaloalvorada.com.br\/site\/wp-json\/wp\/v2\/categories?post=8416"},{"taxonomy":"post_tag","embeddable":true,"href":"https:\/\/jornaloalvorada.com.br\/site\/wp-json\/wp\/v2\/tags?post=8416"}],"curies":[{"name":"wp","href":"https:\/\/api.w.org\/{rel}","templated":true}]}}