{"id":8406,"date":"2024-11-27T09:05:28","date_gmt":"2024-11-27T13:05:28","guid":{"rendered":"https:\/\/jornaloalvorada.com.br\/site\/?p=8406"},"modified":"2024-11-27T09:05:31","modified_gmt":"2024-11-27T13:05:31","slug":"australia-proibe-acesso-de-criancas-as-redes-sociais","status":"publish","type":"post","link":"https:\/\/jornaloalvorada.com.br\/site\/2024\/11\/27\/australia-proibe-acesso-de-criancas-as-redes-sociais\/","title":{"rendered":"Austr\u00e1lia pro\u00edbe acesso de crian\u00e7as \u00e0s redes sociais"},"content":{"rendered":"\n<p>A C\u00e2mara dos Representantes australiana aprovou nesta quarta-feira (27)&nbsp;projeto de lei que pro\u00edbe o acesso de crian\u00e7as com menos de 16 anos \u00e0s redes sociais, deixando ao Senado a finaliza\u00e7\u00e3o da primeira lei do g\u00eanero no mundo.<img decoding=\"async\" src=\"https:\/\/agenciabrasil.ebc.com.br\/ebc.png?id=1621363&amp;o=node\"><img decoding=\"async\" src=\"https:\/\/agenciabrasil.ebc.com.br\/ebc.gif?id=1621363&amp;o=node\"><\/p>\n\n\n\n<p>&nbsp;Os principais partidos apoiaram o projeto de lei que torna plataformas como TikTok, Facebook, Snapchat, Reddit, X e Instagram pass\u00edveis de enfrentarem multas de at\u00e9 US$ 50 milh\u00f5es australianos (US$ 30,9 milh\u00f5es) por falhas do sistema para impedir que crian\u00e7as pequenas tenham contas.<\/p>\n\n\n\n<p>&nbsp;A legisla\u00e7\u00e3o foi aprovada por 102 votos a favor e 13 contra. Se o projeto se tornar lei&nbsp;nesta semana, as plataformas ter\u00e3o um ano para encontrar uma forma de implementar as restri\u00e7\u00f5es de idade antes de as san\u00e7\u00f5es serem aplicadas.<\/p>\n\n\n\n<p>&nbsp;O deputado da oposi\u00e7\u00e3o Dan Tehan disse ao Parlamento que o governo concordou em aceitar altera\u00e7\u00f5es no Senado que reforcem a prote\u00e7\u00e3o da privacidade.<\/p>\n\n\n\n<p>&nbsp;&#8220;Ser\u00e1 perfeito? N\u00e3o. Mas alguma lei \u00e9 perfeita? N\u00e3o, n\u00e3o \u00e9. Mas se ajudar, mesmo que seja da menor forma, far\u00e1 enorme diferen\u00e7a na vida das pessoas&#8221;, disse Tehan.&nbsp;<\/p>\n\n\n\n<p>&nbsp;A ministra das Comunica\u00e7\u00f5es, Michelle Rowland, disse&nbsp;que o Senado vai debater hoje o projeto de lei. O apoio dos principais partidos garante praticamente que a legisla\u00e7\u00e3o seja aprovada no Senado, onde nenhum deles&nbsp;det\u00e9m a maioria.&nbsp;<\/p>\n\n\n\n<p>&nbsp;Os legisladores que n\u00e3o estavam alinhados nem com o governo nem com a oposi\u00e7\u00e3o foram os que mais criticaram a lei durante o debate, ter\u00e7a-feira e hoje.<\/p>\n\n\n\n<p>&nbsp;As cr\u00edticas incluem a aprova\u00e7\u00e3o \u00e0s pressas no Parlamento, sem an\u00e1lise adequada, os riscos de privacidade para os utilizadores de todas as idades e a perda de autoridade dos pais para decidirem o que \u00e9 melhor para os filhos.<\/p>\n\n\n\n<p>&nbsp;Os cr\u00edticos t\u00eam outros argumentos, defendendo que a proibi\u00e7\u00e3o vai isolar as crian\u00e7as, priv\u00e1-las dos aspectos positivos das redes sociais ou lev\u00e1-las para a <em>dark web (<\/em>internet obscura<em>)<\/em>.<\/p>\n\n\n\n<p>&nbsp;A deputada independente Zoe Daniel afirmou que a legisla\u00e7\u00e3o &#8220;n\u00e3o far\u00e1 qualquer diferen\u00e7a em rela\u00e7\u00e3o aos danos inerentes \u00e0s redes sociais&#8221;.<\/p>\n\n\n\n<p>&nbsp;&#8220;O verdadeiro objetivo dessa legisla\u00e7\u00e3o n\u00e3o \u00e9 tornar as redes sociais seguras, mas sim fazer com que os pais e os eleitores sintam que o governo est\u00e1 fazendo&nbsp;alguma coisa&#8221;, disse.<\/p>\n\n\n\n<p>&nbsp;&#8220;H\u00e1 uma raz\u00e3o para o governo apresentar essa legisla\u00e7\u00e3o como l\u00edder mundial: \u00e9 porque nenhum outro pa\u00eds quer faz\u00ea-lo&#8221;, acrescentou.<\/p>\n\n\n\n<p>&nbsp;As plataformas tinham pedido que a vota\u00e7\u00e3o fosse adiada at\u00e9, pelo menos, junho do pr\u00f3ximo ano, \u00e9poca&nbsp;em que uma avalia\u00e7\u00e3o, encomendada pelas autoridades, apresente&nbsp;o relat\u00f3rio final sobre a forma como a proibi\u00e7\u00e3o poderia ser aplicada.<\/p>\n\n\n\n<p><strong><em>Fonte: Ag\u00eancia Brasil<\/em><\/strong><\/p>\n\n\n\n<p><\/p>\n","protected":false},"excerpt":{"rendered":"<p>A C\u00e2mara dos Representantes australiana aprovou nesta quarta-feira (27)&nbsp;projeto de lei que pro\u00edbe o acesso de crian\u00e7as com menos de<\/p>\n","protected":false},"author":1,"featured_media":8407,"comment_status":"open","ping_status":"open","sticky":false,"template":"","format":"standard","meta":{"footnotes":""},"categories":[2],"tags":[],"class_list":["post-8406","post","type-post","status-publish","format-standard","has-post-thumbnail","hentry","category-noticias"],"_links":{"self":[{"href":"https:\/\/jornaloalvorada.com.br\/site\/wp-json\/wp\/v2\/posts\/8406","targetHints":{"allow":["GET"]}}],"collection":[{"href":"https:\/\/jornaloalvorada.com.br\/site\/wp-json\/wp\/v2\/posts"}],"about":[{"href":"https:\/\/jornaloalvorada.com.br\/site\/wp-json\/wp\/v2\/types\/post"}],"author":[{"embeddable":true,"href":"https:\/\/jornaloalvorada.com.br\/site\/wp-json\/wp\/v2\/users\/1"}],"replies":[{"embeddable":true,"href":"https:\/\/jornaloalvorada.com.br\/site\/wp-json\/wp\/v2\/comments?post=8406"}],"version-history":[{"count":1,"href":"https:\/\/jornaloalvorada.com.br\/site\/wp-json\/wp\/v2\/posts\/8406\/revisions"}],"predecessor-version":[{"id":8408,"href":"https:\/\/jornaloalvorada.com.br\/site\/wp-json\/wp\/v2\/posts\/8406\/revisions\/8408"}],"wp:featuredmedia":[{"embeddable":true,"href":"https:\/\/jornaloalvorada.com.br\/site\/wp-json\/wp\/v2\/media\/8407"}],"wp:attachment":[{"href":"https:\/\/jornaloalvorada.com.br\/site\/wp-json\/wp\/v2\/media?parent=8406"}],"wp:term":[{"taxonomy":"category","embeddable":true,"href":"https:\/\/jornaloalvorada.com.br\/site\/wp-json\/wp\/v2\/categories?post=8406"},{"taxonomy":"post_tag","embeddable":true,"href":"https:\/\/jornaloalvorada.com.br\/site\/wp-json\/wp\/v2\/tags?post=8406"}],"curies":[{"name":"wp","href":"https:\/\/api.w.org\/{rel}","templated":true}]}}