{"id":8397,"date":"2024-11-26T11:43:51","date_gmt":"2024-11-26T15:43:51","guid":{"rendered":"https:\/\/jornaloalvorada.com.br\/site\/?p=8397"},"modified":"2024-11-26T11:43:53","modified_gmt":"2024-11-26T15:43:53","slug":"previa-da-inflacao-oficial-sobe-para-062-em-novembro","status":"publish","type":"post","link":"https:\/\/jornaloalvorada.com.br\/site\/2024\/11\/26\/previa-da-inflacao-oficial-sobe-para-062-em-novembro\/","title":{"rendered":"Pr\u00e9via da infla\u00e7\u00e3o oficial sobe para 0,62% em novembro"},"content":{"rendered":"\n<p>O \u00cdndice Nacional de Pre\u00e7os ao Consumidor Amplo 15 (IPCA-15), que mede a pr\u00e9via da infla\u00e7\u00e3o oficial, ficou em 0,62% em novembro deste ano, portanto acima de&nbsp;0,54% do m\u00eas anterior e de&nbsp;0,33% de novembro do ano passado. Segundo o Instituto Brasileiro de Geografia e Estat\u00edstica (IBGE), o IPCA-15 acumula taxas de 4,35% no ano e de 4,77% em 12 meses.<img decoding=\"async\" src=\"https:\/\/agenciabrasil.ebc.com.br\/ebc.png?id=1621206&amp;o=node\"><img decoding=\"async\" src=\"https:\/\/agenciabrasil.ebc.com.br\/ebc.gif?id=1621206&amp;o=node\"><\/p>\n\n\n\n<p>Oito dos nove grupos de despesa analisados pelo IBGE tiveram infla\u00e7\u00e3o na pr\u00e9via de novembro, com destaque para os alimentos e bebidas, cuja alta de pre\u00e7os atingiu 1,34% no per\u00edodo.<\/p>\n\n\n\n<p>Entre os produtos aliment\u00edcios com maiores aumentos de pre\u00e7o na pr\u00e9via de novembro destacam-se o \u00f3leo de soja (8,38%), o tomate (8,15%) e as carnes (7,54%).<\/p>\n\n\n\n<p>Outro grupo de despesas com infla\u00e7\u00e3o importante foi transportes (0,82%). No m\u00eas anterior, essa classe de despesa havia tido defla\u00e7\u00e3o (queda de pre\u00e7os) de 0,33%. O aumento de pre\u00e7os da pr\u00e9via de novembro foi puxado por itens como passagem a\u00e9rea (22,56%), \u00f4nibus urbano (1,34%), g\u00e1s veicular (1,06%) e gasolina (0,07%).<\/p>\n\n\n\n<p>Outros grupos&nbsp;com alta de pre\u00e7os foram despesas pessoais (0,83%), habita\u00e7\u00e3o (0,22%), vestu\u00e1rio (0,36%), sa\u00fade e cuidados pessoais (0,18%) e comunica\u00e7\u00e3o (0,11%). Educa\u00e7\u00e3o teve defla\u00e7\u00e3o de 0,01%.<\/p>\n\n\n\n<p>O IPCA-15 de novembro foi calculado com base em pre\u00e7os coletados entre 12 de outubro e 12 de novembro, em compara\u00e7\u00e3o com o per\u00edodo de 14 de setembro a 11 de outubro.<\/p>\n","protected":false},"excerpt":{"rendered":"<p>O \u00cdndice Nacional de Pre\u00e7os ao Consumidor Amplo 15 (IPCA-15), que mede a pr\u00e9via da infla\u00e7\u00e3o oficial, ficou em 0,62%<\/p>\n","protected":false},"author":1,"featured_media":8398,"comment_status":"open","ping_status":"open","sticky":false,"template":"","format":"standard","meta":{"footnotes":""},"categories":[2],"tags":[],"class_list":["post-8397","post","type-post","status-publish","format-standard","has-post-thumbnail","hentry","category-noticias"],"_links":{"self":[{"href":"https:\/\/jornaloalvorada.com.br\/site\/wp-json\/wp\/v2\/posts\/8397","targetHints":{"allow":["GET"]}}],"collection":[{"href":"https:\/\/jornaloalvorada.com.br\/site\/wp-json\/wp\/v2\/posts"}],"about":[{"href":"https:\/\/jornaloalvorada.com.br\/site\/wp-json\/wp\/v2\/types\/post"}],"author":[{"embeddable":true,"href":"https:\/\/jornaloalvorada.com.br\/site\/wp-json\/wp\/v2\/users\/1"}],"replies":[{"embeddable":true,"href":"https:\/\/jornaloalvorada.com.br\/site\/wp-json\/wp\/v2\/comments?post=8397"}],"version-history":[{"count":1,"href":"https:\/\/jornaloalvorada.com.br\/site\/wp-json\/wp\/v2\/posts\/8397\/revisions"}],"predecessor-version":[{"id":8399,"href":"https:\/\/jornaloalvorada.com.br\/site\/wp-json\/wp\/v2\/posts\/8397\/revisions\/8399"}],"wp:featuredmedia":[{"embeddable":true,"href":"https:\/\/jornaloalvorada.com.br\/site\/wp-json\/wp\/v2\/media\/8398"}],"wp:attachment":[{"href":"https:\/\/jornaloalvorada.com.br\/site\/wp-json\/wp\/v2\/media?parent=8397"}],"wp:term":[{"taxonomy":"category","embeddable":true,"href":"https:\/\/jornaloalvorada.com.br\/site\/wp-json\/wp\/v2\/categories?post=8397"},{"taxonomy":"post_tag","embeddable":true,"href":"https:\/\/jornaloalvorada.com.br\/site\/wp-json\/wp\/v2\/tags?post=8397"}],"curies":[{"name":"wp","href":"https:\/\/api.w.org\/{rel}","templated":true}]}}