{"id":8387,"date":"2024-11-25T10:27:42","date_gmt":"2024-11-25T14:27:42","guid":{"rendered":"https:\/\/jornaloalvorada.com.br\/site\/?p=8387"},"modified":"2024-11-25T10:28:55","modified_gmt":"2024-11-25T14:28:55","slug":"japao-anuncia-inovacao-para-2025-maquina-de-lavar-humanos","status":"publish","type":"post","link":"https:\/\/jornaloalvorada.com.br\/site\/2024\/11\/25\/japao-anuncia-inovacao-para-2025-maquina-de-lavar-humanos\/","title":{"rendered":"Jap\u00e3o anuncia inova\u00e7\u00e3o para 2025: m\u00e1quina de lavar humanos"},"content":{"rendered":"\n<p>Em 1970, a Exposi\u00e7\u00e3o Mundial do Jap\u00e3o introduziu ao mundo uma m\u00e1quina extraordin\u00e1ria, a \u201cm\u00e1quina de lavar humanos\u201d, desenvolvida pela Sanyo Electric Co. Apesar de n\u00e3o ter alcan\u00e7ado \u00eaxito comercial, ela plantou as sementes de uma <a href=\"https:\/\/terrabrasilnoticias.com\/2024\/10\/polemica-primeira-mulher-a-usar-capsula-de-suicidio-e-encontrada-com-marcas-de-estrangulamento\/\" target=\"_blank\" rel=\"noreferrer noopener\">inova\u00e7\u00e3o futurista.<\/a> A tradicional empresa japonesa, agora conhecida como Panasonic Holdings, exibe o desejo humano de <a href=\"https:\/\/terrabrasilnoticias.com\/2024\/10\/china-inicia-desenvolvimento-de-chips-para-o-cerebro-humano-entenda-como-funciona\/\" target=\"_blank\" rel=\"noreferrer noopener\">unir tecnologia e conforto<\/a>, uma ideia que voltou \u00e0 tona com maior intensidade pelas m\u00e3os da Science Co. em Osaka.<\/p>\n\n\n\n<p>Atualmente, a Science Co., especializada na fabrica\u00e7\u00e3o de chuveiros, est\u00e1 \u00e0 frente do <a href=\"https:\/\/terrabrasilnoticias.com\/2024\/09\/tecnologia-vai-proporcionar-que-pessoas-deem-as-maos-mesmo-a-distancia\/\" target=\"_blank\" rel=\"noreferrer noopener\">desenvolvimento de uma nova e aprimorada vers\u00e3o dessa m\u00e1quina<\/a>. Com um design e tecnologia atualizados, o dispositivo, chamado \u201cMirai Ningen Sentakuki\u201d, promete oferecer uma experi\u00eancia de banho futurista. Este projeto ambicioso est\u00e1 programado para ser uma das principais atra\u00e7\u00f5es na Expo Osaka Kansai em 2025.<\/p>\n\n\n\n<h2 class=\"wp-block-heading\">Funcionamento da m\u00e1quina de lavar humanos<\/h2>\n\n\n\n<p>A nova vers\u00e3o da m\u00e1quina assemelha-se a uma cabine de comando de um ca\u00e7a a jato. Quando o usu\u00e1rio entra, a tampa transparente se fecha sobre ele, e a \u00e1gua quente come\u00e7a a encher parcialmente o espa\u00e7o ao redor do assento. Integrados ao assento, sensores de \u00faltima gera\u00e7\u00e3o monitoram dados biol\u00f3gicos, como o pulso do usu\u00e1rio, garantindo uma experi\u00eancia segura e personalizada.<\/p>\n\n\n\n<p>O <a href=\"https:\/\/terrabrasilnoticias.com\/2024\/09\/empresa-chinesa-lanca-celular-dobravel-inovador-e-desafia-a-apple-veja-video-e-preco\/\" target=\"_blank\" rel=\"noreferrer noopener\">diferencial desta m\u00e1quina<\/a> reside no uso de intelig\u00eancia artificial (IA). Este sistema de IA detecta se o usu\u00e1rio est\u00e1 calmo ou ansioso e, com base nesses dados, projeta imagens relaxantes no interior da tampa transparente. Todo o processo de lavagem e secagem \u00e9 efetuado em apenas 15 minutos, prometendo n\u00e3o s\u00f3 limpeza, mas tamb\u00e9m um momento de revigoramento para quem utiliza o dispositivo.<\/p>\n\n\n<div class=\"wp-block-image\">\n<figure class=\"aligncenter\"><img decoding=\"async\" src=\"https:\/\/terrabrasilnoticias.com\/wp-content\/uploads\/2024\/11\/image-345.png\" alt=\"\"\/><\/figure>\n<\/div>\n\n\n<h2 class=\"wp-block-heading\">Quais s\u00e3o as inova\u00e7\u00f5es da nova m\u00e1quina?<\/h2>\n\n\n\n<p>Diferente do modelo original de 1970, que possu\u00eda funcionalidades como ondas de ultrassom e bolas de pl\u00e1stico para massagem, a vers\u00e3o atualizada incorpora tecnologias de ponta. A utiliza\u00e7\u00e3o de intelig\u00eancia artificial e sensores biol\u00f3gicos modernos coloca este dispositivo em uma categoria pr\u00f3pria, tornando a experi\u00eancia de uso significativamente mais avan\u00e7ada e segura.<\/p>\n\n\n\n<p>Essas inova\u00e7\u00f5es refletem o compromisso da Science Co. em proporcionar aos usu\u00e1rios uma experi\u00eancia de banho revolucion\u00e1ria, apostando n\u00e3o s\u00f3 em bem-estar pessoal, mas tamb\u00e9m na seguran\u00e7a e efici\u00eancia do processo, promovendo assim uma verdadeira transforma\u00e7\u00e3o na higiene pessoal.<\/p>\n\n\n<div class=\"wp-block-image\">\n<figure class=\"aligncenter\"><img decoding=\"async\" src=\"https:\/\/i.ytimg.com\/vi\/O3evO4HzNyg\/hqdefault.jpg\" alt=\"A M\u00c1QUINA DE LAVAR HUMANOS #shorts #curiosidades #inven\u00e7\u00f5es #tecnologia\"\/><\/figure>\n<\/div>\n\n\n<h2 class=\"wp-block-heading\">Pr\u00f3ximos passos para este projeto<\/h2>\n\n\n\n<p>O presidente da Science Co., Yasuaki Aoyama, expressou grande entusiasmo ao revelar que cerca de 70% do projeto da nova m\u00e1quina j\u00e1 est\u00e1 completo. Sua meta \u00e9 disponibilizar essa inova\u00e7\u00e3o a 1.000 visitantes durante a Expo Osaka Kansai em 2025. Al\u00e9m disso, a empresa planeja lan\u00e7ar uma vers\u00e3o dom\u00e9stica do dispositivo, visando integrar essa tecnologia avan\u00e7ada ao cotidiano das pessoas.<\/p>\n\n\n\n<p>Celetizando sonhos do passado com a tecnologia de hoje, Aoyama, que vivenciou a empolga\u00e7\u00e3o da exposi\u00e7\u00e3o de 1970, almeja materializar essa vis\u00e3o futur\u00edstica, proporcionando uma experi\u00eancia \u00fanica de banho ao p\u00fablico global.<\/p>\n\n\n\n<h2 class=\"wp-block-heading\">Futuro da higiene pessoal<\/h2>\n\n\n\n<p>A introdu\u00e7\u00e3o desta nova m\u00e1quina de lavar humanos pode redefinir padr\u00f5es na ind\u00fastria de produtos de higiene e bem-estar. \u00c0 medida que a exposi\u00e7\u00e3o de 2025 se aproxima, espera-se que esta tecnologia avance ainda mais, tornando-se acess\u00edvel para uso di\u00e1rio em resid\u00eancias ao redor do mundo.<\/p>\n\n\n\n<p>Com isto, a Science Co. n\u00e3o apenas revitaliza um conceito hist\u00f3rico, mas tamb\u00e9m delineia um novo caminho para o futuro da higiene pessoal, onde a tecnologia e a inova\u00e7\u00e3o est\u00e3o cada vez mais presentes no cotidiano.<\/p>\n\n\n\n<p><strong><em>Fonte: Terra Brasil Not\u00edcias<\/em><\/strong><\/p>\n","protected":false},"excerpt":{"rendered":"<p>Em 1970, a Exposi\u00e7\u00e3o Mundial do Jap\u00e3o introduziu ao mundo uma m\u00e1quina extraordin\u00e1ria, a \u201cm\u00e1quina de lavar humanos\u201d, desenvolvida pela<\/p>\n","protected":false},"author":1,"featured_media":8388,"comment_status":"open","ping_status":"open","sticky":false,"template":"","format":"standard","meta":{"footnotes":""},"categories":[3],"tags":[],"class_list":["post-8387","post","type-post","status-publish","format-standard","has-post-thumbnail","hentry","category-social"],"_links":{"self":[{"href":"https:\/\/jornaloalvorada.com.br\/site\/wp-json\/wp\/v2\/posts\/8387","targetHints":{"allow":["GET"]}}],"collection":[{"href":"https:\/\/jornaloalvorada.com.br\/site\/wp-json\/wp\/v2\/posts"}],"about":[{"href":"https:\/\/jornaloalvorada.com.br\/site\/wp-json\/wp\/v2\/types\/post"}],"author":[{"embeddable":true,"href":"https:\/\/jornaloalvorada.com.br\/site\/wp-json\/wp\/v2\/users\/1"}],"replies":[{"embeddable":true,"href":"https:\/\/jornaloalvorada.com.br\/site\/wp-json\/wp\/v2\/comments?post=8387"}],"version-history":[{"count":2,"href":"https:\/\/jornaloalvorada.com.br\/site\/wp-json\/wp\/v2\/posts\/8387\/revisions"}],"predecessor-version":[{"id":8390,"href":"https:\/\/jornaloalvorada.com.br\/site\/wp-json\/wp\/v2\/posts\/8387\/revisions\/8390"}],"wp:featuredmedia":[{"embeddable":true,"href":"https:\/\/jornaloalvorada.com.br\/site\/wp-json\/wp\/v2\/media\/8388"}],"wp:attachment":[{"href":"https:\/\/jornaloalvorada.com.br\/site\/wp-json\/wp\/v2\/media?parent=8387"}],"wp:term":[{"taxonomy":"category","embeddable":true,"href":"https:\/\/jornaloalvorada.com.br\/site\/wp-json\/wp\/v2\/categories?post=8387"},{"taxonomy":"post_tag","embeddable":true,"href":"https:\/\/jornaloalvorada.com.br\/site\/wp-json\/wp\/v2\/tags?post=8387"}],"curies":[{"name":"wp","href":"https:\/\/api.w.org\/{rel}","templated":true}]}}