{"id":8382,"date":"2024-11-25T10:24:58","date_gmt":"2024-11-25T14:24:58","guid":{"rendered":"https:\/\/jornaloalvorada.com.br\/site\/?p=8382"},"modified":"2024-11-25T10:25:00","modified_gmt":"2024-11-25T14:25:00","slug":"com-o-tema-emergencia-climatica-o-desafio-da-transformacao-ecologica-a-prefeitura-realiza-a-1a-conferencia-municipal-do-meio-ambiente","status":"publish","type":"post","link":"https:\/\/jornaloalvorada.com.br\/site\/2024\/11\/25\/com-o-tema-emergencia-climatica-o-desafio-da-transformacao-ecologica-a-prefeitura-realiza-a-1a-conferencia-municipal-do-meio-ambiente\/","title":{"rendered":"Com o tema \u201cEmerg\u00eancia Clim\u00e1tica \u2013 O Desafio da Transforma\u00e7\u00e3o Ecol\u00f3gica\u201d, a prefeitura realiza a 1\u00aa Confer\u00eancia Municipal do Meio Ambiente"},"content":{"rendered":"\n<p>Com o tema \u201cEmerg\u00eancia Clim\u00e1tica \u2013 O Desafio da Transforma\u00e7\u00e3o Ecol\u00f3gica\u201d, a Prefeitura Municipal realiza a 1\u00aa Confer\u00eancia Municipal do Meio Ambiente, que promete ser um marco na agenda ambiental do munic\u00edpio.<\/p>\n\n\n\n<p>O evento, que acontecer\u00e1 no dia 13 de dezembro de 2024, no Centro de Conviv\u00eancia do Idoso, das 8h \u00e0s 16h, reunir\u00e1 especialistas, gestores p\u00fablicos, organiza\u00e7\u00f5es da sociedade civil e cidad\u00e3os para debater caminhos e solu\u00e7\u00f5es diante da crise clim\u00e1tica vivenciada nos \u00faltimos tempos.<\/p>\n\n\n\n<p>A 1\u00aa Confer\u00eancia Municipal do Meio Ambiente \u00e9 aberta ao p\u00fablico e gratuita. Venha participar e ara garantir sua vaga, inscreva-se antecipadamente pelo link: <a href=\"https:\/\/l.facebook.com\/l.php?u=https%3A%2F%2Fforms.gle%2FT931sCur3kn9wEKk9%3Ffbclid%3DIwZXh0bgNhZW0CMTAAAR28Am_CgMyqsu-h29ybFyqFfR1bDZAGLheYVSF_lMNeKUfTM3N9Rugq_Nc_aem_GZh-bt7QVHegwGNiZbQHxg&amp;h=AT14uuc-YaWVJ9_qdBXnK-r9V0SyLo3iagGHlDH0kjkqSKyStg5-i0s2mayNgQeoz9vhPcxjL0clZ0bRKsMKT_Rjbi1dg-dQwYloelzdJpLR5czkLEyrgzeTy9BMhXuvJbtC5rDJ6FUqANF3jTjR&amp;__tn__=-UK-R&amp;c[0]=AT37mlS8Ophhud-B00beMuQJPsG52FF-iHGTGbauwzjlvNdZZmxzTWIGv3mZJ2tZ2uItTipFIu6NcVbJo9fYLa4TjAkffi5QvhZ6ZELQXScmSZf5f4ts4H5T3lFj7HpdRAR9lqWSvoZuVcpgc4vEbwnKOw7WO4AtYqt58F753lvJF4-PxUspZ1sue9H1zV__\" rel=\"noreferrer noopener\" target=\"_blank\">https:\/\/forms.gle\/T931sCur3kn9wEKk9<\/a><\/p>\n\n\n\n<figure class=\"wp-block-image size-full\"><img loading=\"lazy\" decoding=\"async\" width=\"509\" height=\"600\" src=\"https:\/\/jornaloalvorada.com.br\/site\/wp-content\/uploads\/2024\/11\/conferencia.jpg\" alt=\"\" class=\"wp-image-8383\" srcset=\"https:\/\/jornaloalvorada.com.br\/site\/wp-content\/uploads\/2024\/11\/conferencia.jpg 509w, https:\/\/jornaloalvorada.com.br\/site\/wp-content\/uploads\/2024\/11\/conferencia-255x300.jpg 255w\" sizes=\"auto, (max-width: 509px) 100vw, 509px\" \/><\/figure>\n","protected":false},"excerpt":{"rendered":"<p>Com o tema \u201cEmerg\u00eancia Clim\u00e1tica \u2013 O Desafio da Transforma\u00e7\u00e3o Ecol\u00f3gica\u201d, a Prefeitura Municipal realiza a 1\u00aa Confer\u00eancia Municipal do<\/p>\n","protected":false},"author":1,"featured_media":8384,"comment_status":"open","ping_status":"open","sticky":false,"template":"","format":"standard","meta":{"footnotes":""},"categories":[2],"tags":[],"class_list":["post-8382","post","type-post","status-publish","format-standard","has-post-thumbnail","hentry","category-noticias"],"_links":{"self":[{"href":"https:\/\/jornaloalvorada.com.br\/site\/wp-json\/wp\/v2\/posts\/8382","targetHints":{"allow":["GET"]}}],"collection":[{"href":"https:\/\/jornaloalvorada.com.br\/site\/wp-json\/wp\/v2\/posts"}],"about":[{"href":"https:\/\/jornaloalvorada.com.br\/site\/wp-json\/wp\/v2\/types\/post"}],"author":[{"embeddable":true,"href":"https:\/\/jornaloalvorada.com.br\/site\/wp-json\/wp\/v2\/users\/1"}],"replies":[{"embeddable":true,"href":"https:\/\/jornaloalvorada.com.br\/site\/wp-json\/wp\/v2\/comments?post=8382"}],"version-history":[{"count":1,"href":"https:\/\/jornaloalvorada.com.br\/site\/wp-json\/wp\/v2\/posts\/8382\/revisions"}],"predecessor-version":[{"id":8385,"href":"https:\/\/jornaloalvorada.com.br\/site\/wp-json\/wp\/v2\/posts\/8382\/revisions\/8385"}],"wp:featuredmedia":[{"embeddable":true,"href":"https:\/\/jornaloalvorada.com.br\/site\/wp-json\/wp\/v2\/media\/8384"}],"wp:attachment":[{"href":"https:\/\/jornaloalvorada.com.br\/site\/wp-json\/wp\/v2\/media?parent=8382"}],"wp:term":[{"taxonomy":"category","embeddable":true,"href":"https:\/\/jornaloalvorada.com.br\/site\/wp-json\/wp\/v2\/categories?post=8382"},{"taxonomy":"post_tag","embeddable":true,"href":"https:\/\/jornaloalvorada.com.br\/site\/wp-json\/wp\/v2\/tags?post=8382"}],"curies":[{"name":"wp","href":"https:\/\/api.w.org\/{rel}","templated":true}]}}