{"id":8362,"date":"2024-11-22T08:40:37","date_gmt":"2024-11-22T12:40:37","guid":{"rendered":"https:\/\/jornaloalvorada.com.br\/site\/?p=8362"},"modified":"2024-11-22T08:40:39","modified_gmt":"2024-11-22T12:40:39","slug":"confraternizacao-das-equipes-de-volei-infantil-e-juvenil-de-nova-alvorada-do-sul","status":"publish","type":"post","link":"https:\/\/jornaloalvorada.com.br\/site\/2024\/11\/22\/confraternizacao-das-equipes-de-volei-infantil-e-juvenil-de-nova-alvorada-do-sul\/","title":{"rendered":"Confraterniza\u00e7\u00e3o das equipes de V\u00f4lei Infantil e Juvenil de Nova Alvorada do Sul"},"content":{"rendered":"\n<p>Parab\u00e9ns Professora Andrinha pela iniciativa e pelo brilhante trabalho que realiza na modalidade de Voleibol em nosso munic\u00edpio.<\/p>\n\n\n\n<p>Conte sempre com meu apoio, TMJ<img loading=\"lazy\" decoding=\"async\" height=\"16\" width=\"16\" alt=\"\ud83e\udd1d\" src=\"https:\/\/static.xx.fbcdn.net\/images\/emoji.php\/v9\/t64\/1\/16\/1f91d.png\"><\/p>\n","protected":false},"excerpt":{"rendered":"<p>Parab\u00e9ns Professora Andrinha pela iniciativa e pelo brilhante trabalho que realiza na modalidade de Voleibol em nosso munic\u00edpio. Conte sempre<\/p>\n","protected":false},"author":1,"featured_media":8363,"comment_status":"open","ping_status":"open","sticky":false,"template":"","format":"standard","meta":{"footnotes":""},"categories":[3],"tags":[],"class_list":["post-8362","post","type-post","status-publish","format-standard","has-post-thumbnail","hentry","category-social"],"_links":{"self":[{"href":"https:\/\/jornaloalvorada.com.br\/site\/wp-json\/wp\/v2\/posts\/8362","targetHints":{"allow":["GET"]}}],"collection":[{"href":"https:\/\/jornaloalvorada.com.br\/site\/wp-json\/wp\/v2\/posts"}],"about":[{"href":"https:\/\/jornaloalvorada.com.br\/site\/wp-json\/wp\/v2\/types\/post"}],"author":[{"embeddable":true,"href":"https:\/\/jornaloalvorada.com.br\/site\/wp-json\/wp\/v2\/users\/1"}],"replies":[{"embeddable":true,"href":"https:\/\/jornaloalvorada.com.br\/site\/wp-json\/wp\/v2\/comments?post=8362"}],"version-history":[{"count":1,"href":"https:\/\/jornaloalvorada.com.br\/site\/wp-json\/wp\/v2\/posts\/8362\/revisions"}],"predecessor-version":[{"id":8364,"href":"https:\/\/jornaloalvorada.com.br\/site\/wp-json\/wp\/v2\/posts\/8362\/revisions\/8364"}],"wp:featuredmedia":[{"embeddable":true,"href":"https:\/\/jornaloalvorada.com.br\/site\/wp-json\/wp\/v2\/media\/8363"}],"wp:attachment":[{"href":"https:\/\/jornaloalvorada.com.br\/site\/wp-json\/wp\/v2\/media?parent=8362"}],"wp:term":[{"taxonomy":"category","embeddable":true,"href":"https:\/\/jornaloalvorada.com.br\/site\/wp-json\/wp\/v2\/categories?post=8362"},{"taxonomy":"post_tag","embeddable":true,"href":"https:\/\/jornaloalvorada.com.br\/site\/wp-json\/wp\/v2\/tags?post=8362"}],"curies":[{"name":"wp","href":"https:\/\/api.w.org\/{rel}","templated":true}]}}