{"id":8352,"date":"2024-11-21T11:21:24","date_gmt":"2024-11-21T15:21:24","guid":{"rendered":"https:\/\/jornaloalvorada.com.br\/site\/?p=8352"},"modified":"2024-11-21T11:21:27","modified_gmt":"2024-11-21T15:21:27","slug":"vereador-nelio-justen-e-recebido-pelo-prefeito-jose-paulo-paleari","status":"publish","type":"post","link":"https:\/\/jornaloalvorada.com.br\/site\/2024\/11\/21\/vereador-nelio-justen-e-recebido-pelo-prefeito-jose-paulo-paleari\/","title":{"rendered":"Vereador N\u00e9lio Justen \u00e9 recebido pelo prefeito Jos\u00e9 Paulo Paleari"},"content":{"rendered":"\n<p>Vereador N\u00e9lio Justen gentilmente sendo recebido pelo Prefeito Jos\u00e9 Paulo Paleari. Na ocasi\u00e3o, avan\u00e7amos nas tratativas de a\u00e7\u00f5es futuras em prol da popula\u00e7\u00e3o de Nova Alvorada do Sul.<\/p>\n","protected":false},"excerpt":{"rendered":"<p>Vereador N\u00e9lio Justen gentilmente sendo recebido pelo Prefeito Jos\u00e9 Paulo Paleari. Na ocasi\u00e3o, avan\u00e7amos nas tratativas de a\u00e7\u00f5es futuras em<\/p>\n","protected":false},"author":1,"featured_media":8353,"comment_status":"open","ping_status":"open","sticky":false,"template":"","format":"standard","meta":{"footnotes":""},"categories":[2],"tags":[],"class_list":["post-8352","post","type-post","status-publish","format-standard","has-post-thumbnail","hentry","category-noticias"],"_links":{"self":[{"href":"https:\/\/jornaloalvorada.com.br\/site\/wp-json\/wp\/v2\/posts\/8352","targetHints":{"allow":["GET"]}}],"collection":[{"href":"https:\/\/jornaloalvorada.com.br\/site\/wp-json\/wp\/v2\/posts"}],"about":[{"href":"https:\/\/jornaloalvorada.com.br\/site\/wp-json\/wp\/v2\/types\/post"}],"author":[{"embeddable":true,"href":"https:\/\/jornaloalvorada.com.br\/site\/wp-json\/wp\/v2\/users\/1"}],"replies":[{"embeddable":true,"href":"https:\/\/jornaloalvorada.com.br\/site\/wp-json\/wp\/v2\/comments?post=8352"}],"version-history":[{"count":1,"href":"https:\/\/jornaloalvorada.com.br\/site\/wp-json\/wp\/v2\/posts\/8352\/revisions"}],"predecessor-version":[{"id":8354,"href":"https:\/\/jornaloalvorada.com.br\/site\/wp-json\/wp\/v2\/posts\/8352\/revisions\/8354"}],"wp:featuredmedia":[{"embeddable":true,"href":"https:\/\/jornaloalvorada.com.br\/site\/wp-json\/wp\/v2\/media\/8353"}],"wp:attachment":[{"href":"https:\/\/jornaloalvorada.com.br\/site\/wp-json\/wp\/v2\/media?parent=8352"}],"wp:term":[{"taxonomy":"category","embeddable":true,"href":"https:\/\/jornaloalvorada.com.br\/site\/wp-json\/wp\/v2\/categories?post=8352"},{"taxonomy":"post_tag","embeddable":true,"href":"https:\/\/jornaloalvorada.com.br\/site\/wp-json\/wp\/v2\/tags?post=8352"}],"curies":[{"name":"wp","href":"https:\/\/api.w.org\/{rel}","templated":true}]}}