{"id":8349,"date":"2024-11-21T11:16:31","date_gmt":"2024-11-21T15:16:31","guid":{"rendered":"https:\/\/jornaloalvorada.com.br\/site\/?p=8349"},"modified":"2024-11-21T11:16:33","modified_gmt":"2024-11-21T15:16:33","slug":"prefeito-jose-paleari-recebe-em-seu-gabinete-gerente-da-empresa-quero-quero","status":"publish","type":"post","link":"https:\/\/jornaloalvorada.com.br\/site\/2024\/11\/21\/prefeito-jose-paleari-recebe-em-seu-gabinete-gerente-da-empresa-quero-quero\/","title":{"rendered":"Prefeito Jos\u00e9 Paleari recebe em seu gabinete gerente da empresa Quero-Quero"},"content":{"rendered":"\n<p>Recebendo no gabinete a Caren &#8211; Gerente da empresa Quero-Quero, mais uma grande empresa que confiou no potencial econ\u00f4mico do nosso munic\u00edpio e ser\u00e1 inaugurada em janeiro de 2025 em Nova Alvorada do Sul.<\/p>\n\n\n\n<p>Participaram da reuni\u00e3o o empres\u00e1rio Jos\u00e9 Milagres e nosso parceiro Renato Munhoz verador eleito em nosso munic\u00edpio.<\/p>\n\n\n\n<p><img loading=\"lazy\" decoding=\"async\" height=\"16\" width=\"16\" alt=\"\ud83d\udea8\" src=\"https:\/\/static.xx.fbcdn.net\/images\/emoji.php\/v9\/t45\/1\/16\/1f6a8.png\">Aten\u00e7\u00e3o<img loading=\"lazy\" decoding=\"async\" height=\"16\" width=\"16\" alt=\"\ud83d\udea8\" src=\"https:\/\/static.xx.fbcdn.net\/images\/emoji.php\/v9\/t45\/1\/16\/1f6a8.png\"><\/p>\n\n\n\n<p>A empresa Quero-Quero est\u00e1 contratando, procure o CIAT e fa\u00e7a parte desta grande empresa em Nova Alvorada do Sul.<\/p>\n","protected":false},"excerpt":{"rendered":"<p>Recebendo no gabinete a Caren &#8211; Gerente da empresa Quero-Quero, mais uma grande empresa que confiou no potencial econ\u00f4mico do<\/p>\n","protected":false},"author":1,"featured_media":8350,"comment_status":"open","ping_status":"open","sticky":false,"template":"","format":"standard","meta":{"footnotes":""},"categories":[2],"tags":[],"class_list":["post-8349","post","type-post","status-publish","format-standard","has-post-thumbnail","hentry","category-noticias"],"_links":{"self":[{"href":"https:\/\/jornaloalvorada.com.br\/site\/wp-json\/wp\/v2\/posts\/8349","targetHints":{"allow":["GET"]}}],"collection":[{"href":"https:\/\/jornaloalvorada.com.br\/site\/wp-json\/wp\/v2\/posts"}],"about":[{"href":"https:\/\/jornaloalvorada.com.br\/site\/wp-json\/wp\/v2\/types\/post"}],"author":[{"embeddable":true,"href":"https:\/\/jornaloalvorada.com.br\/site\/wp-json\/wp\/v2\/users\/1"}],"replies":[{"embeddable":true,"href":"https:\/\/jornaloalvorada.com.br\/site\/wp-json\/wp\/v2\/comments?post=8349"}],"version-history":[{"count":1,"href":"https:\/\/jornaloalvorada.com.br\/site\/wp-json\/wp\/v2\/posts\/8349\/revisions"}],"predecessor-version":[{"id":8351,"href":"https:\/\/jornaloalvorada.com.br\/site\/wp-json\/wp\/v2\/posts\/8349\/revisions\/8351"}],"wp:featuredmedia":[{"embeddable":true,"href":"https:\/\/jornaloalvorada.com.br\/site\/wp-json\/wp\/v2\/media\/8350"}],"wp:attachment":[{"href":"https:\/\/jornaloalvorada.com.br\/site\/wp-json\/wp\/v2\/media?parent=8349"}],"wp:term":[{"taxonomy":"category","embeddable":true,"href":"https:\/\/jornaloalvorada.com.br\/site\/wp-json\/wp\/v2\/categories?post=8349"},{"taxonomy":"post_tag","embeddable":true,"href":"https:\/\/jornaloalvorada.com.br\/site\/wp-json\/wp\/v2\/tags?post=8349"}],"curies":[{"name":"wp","href":"https:\/\/api.w.org\/{rel}","templated":true}]}}