{"id":8320,"date":"2024-11-18T12:57:22","date_gmt":"2024-11-18T16:57:22","guid":{"rendered":"https:\/\/jornaloalvorada.com.br\/site\/?p=8320"},"modified":"2024-11-18T12:58:48","modified_gmt":"2024-11-18T16:58:48","slug":"nota-de-pesar","status":"publish","type":"post","link":"https:\/\/jornaloalvorada.com.br\/site\/2024\/11\/18\/nota-de-pesar\/","title":{"rendered":"Nota de Pesar"},"content":{"rendered":"\n<p>&#8220;\u00c9 com profundo pesar que recebemos a not\u00edcia do falecimento do Sr. C\u00edcero dos Santos, muito respeitado e admirado por nossa comunidade. Neste momento de tristeza, nos solidarizamos com seus familiares e amigos, desejando for\u00e7a e conforto para enfrentar essa perda irrepar\u00e1vel. Nova Alvorada do Sul perde um grande cidad\u00e3o, mas seu legado permanecer\u00e1 vivo em nossos cora\u00e7\u00f5es&#8221;. Diz prefeito Jos\u00e9 Paulo Paleari<\/p>\n","protected":false},"excerpt":{"rendered":"<p>&#8220;\u00c9 com profundo pesar que recebemos a not\u00edcia do falecimento do Sr. C\u00edcero dos Santos, muito respeitado e admirado por<\/p>\n","protected":false},"author":1,"featured_media":8321,"comment_status":"open","ping_status":"open","sticky":false,"template":"","format":"standard","meta":{"footnotes":""},"categories":[3],"tags":[],"class_list":["post-8320","post","type-post","status-publish","format-standard","has-post-thumbnail","hentry","category-social"],"_links":{"self":[{"href":"https:\/\/jornaloalvorada.com.br\/site\/wp-json\/wp\/v2\/posts\/8320","targetHints":{"allow":["GET"]}}],"collection":[{"href":"https:\/\/jornaloalvorada.com.br\/site\/wp-json\/wp\/v2\/posts"}],"about":[{"href":"https:\/\/jornaloalvorada.com.br\/site\/wp-json\/wp\/v2\/types\/post"}],"author":[{"embeddable":true,"href":"https:\/\/jornaloalvorada.com.br\/site\/wp-json\/wp\/v2\/users\/1"}],"replies":[{"embeddable":true,"href":"https:\/\/jornaloalvorada.com.br\/site\/wp-json\/wp\/v2\/comments?post=8320"}],"version-history":[{"count":2,"href":"https:\/\/jornaloalvorada.com.br\/site\/wp-json\/wp\/v2\/posts\/8320\/revisions"}],"predecessor-version":[{"id":8324,"href":"https:\/\/jornaloalvorada.com.br\/site\/wp-json\/wp\/v2\/posts\/8320\/revisions\/8324"}],"wp:featuredmedia":[{"embeddable":true,"href":"https:\/\/jornaloalvorada.com.br\/site\/wp-json\/wp\/v2\/media\/8321"}],"wp:attachment":[{"href":"https:\/\/jornaloalvorada.com.br\/site\/wp-json\/wp\/v2\/media?parent=8320"}],"wp:term":[{"taxonomy":"category","embeddable":true,"href":"https:\/\/jornaloalvorada.com.br\/site\/wp-json\/wp\/v2\/categories?post=8320"},{"taxonomy":"post_tag","embeddable":true,"href":"https:\/\/jornaloalvorada.com.br\/site\/wp-json\/wp\/v2\/tags?post=8320"}],"curies":[{"name":"wp","href":"https:\/\/api.w.org\/{rel}","templated":true}]}}