{"id":8312,"date":"2024-11-18T08:17:20","date_gmt":"2024-11-18T12:17:20","guid":{"rendered":"https:\/\/jornaloalvorada.com.br\/site\/?p=8312"},"modified":"2024-11-18T08:17:23","modified_gmt":"2024-11-18T12:17:23","slug":"estudantes-atletas-de-ms-representarao-o-brasil-nos-jogos-sul-americanos-escolares","status":"publish","type":"post","link":"https:\/\/jornaloalvorada.com.br\/site\/2024\/11\/18\/estudantes-atletas-de-ms-representarao-o-brasil-nos-jogos-sul-americanos-escolares\/","title":{"rendered":"Estudantes-atletas de MS representar\u00e3o o Brasil nos Jogos Sul-Americanos Escolares"},"content":{"rendered":"\n<p>Entre os dias 1\u00ba e 11 de dezembro, ser\u00e1 realizada em Bucaramanga, na Col\u00f4mbia, a 28\u00aa edi\u00e7\u00e3o dos Jogos Sul-Americanos Escolares. Organizado pelo Conselho Sul-Americano de Desporto em parceria com a Confedera\u00e7\u00e3o Brasileira do Desporto Escolar (CBDE) e o Minist\u00e9rio do Esporte, o evento contar\u00e1 com a participa\u00e7\u00e3o de 232 brasileiros, incluindo estudantes-atletas, comiss\u00e3o t\u00e9cnica, m\u00e9dicos, fisioterapeutas e equipe de lideran\u00e7a.<\/p>\n\n\n\n<p>Os Jogos Sul-Americanos Escolares re\u00fanem atletas de 12 pa\u00edses, que competir\u00e3o nas modalidades de atletismo, atletismo para pessoas com defici\u00eancia intelectual, nata\u00e7\u00e3o, paranata\u00e7\u00e3o, jud\u00f4, t\u00eanis de mesa, xadrez, basquetebol, basquetebol 3&#215;3, handebol, voleibol e futsal, tanto no masculino quanto no feminino. Mato Grosso do Sul, ser\u00e1 representado por tr\u00eas atletas na competi\u00e7\u00e3o internacional.&nbsp;<\/p>\n\n\n\n<p>Entre as atletas convocadas est\u00e1 Janaina de Lima Colman, de 13 anos, natural de Ponta Por\u00e3, que competir\u00e1 na prova de lan\u00e7amento de martelo no atletismo. Benefici\u00e1ria do programa Bolsa Atleta do Governo de Mato Grosso do Sul e integrante do Prodesc (Programa MS Desporto Escolar), a atleta conquistou recentemente a medalha de ouro no lan\u00e7amento de martelo nos JEBs (Jogos Escolares Brasileiros) para estudantes de 12 a 14 anos, realizados em outubro, em Recife (PE).<\/p>\n\n\n\n<p>\u201cPratico o lan\u00e7amento de martelo h\u00e1 um ano e meio, e \u00e9 minha paix\u00e3o. Minha expectativa \u00e9 bater meu recorde, disputar o p\u00f3dio e representar bem o meu pa\u00eds\u201d, afirma a jovem atleta.<\/p>\n\n\n\n<p>A judoca Ana Clara Alegre, de 13 anos, representante de Aquidauana, participar\u00e1 do Campeonato Sul-Americano. Com sete anos de dedica\u00e7\u00e3o ao jud\u00f4, Ana \u00e9 benefici\u00e1ria da Bolsa Atleta do Governo do Estado. Neste ano, ela conquistou a medalha de ouro nos Jogos Escolares Brasileiros (JEBS), resultado que garantiu sua classifica\u00e7\u00e3o para a competi\u00e7\u00e3o internacional.<\/p>\n\n\n<div class=\"wp-block-image\">\n<figure class=\"aligncenter is-resized\"><a href=\"https:\/\/agenciadenoticias.ms.gov.br\/estudantes-atletas-de-ms-representarao-o-brasil-nos-jogos-sul-americanos-escolares\/janaina\/\"><img decoding=\"async\" src=\"https:\/\/agenciadenoticias.ms.gov.br\/wp-content\/uploads\/2024\/11\/janaina-300x300.jpeg\" alt=\"\" style=\"width:446px;height:auto\"\/><\/a><figcaption class=\"wp-element-caption\">A atleta Janaina de Lima vai disputar Lan\u00e7amento de Martelo<\/figcaption><\/figure>\n<\/div>\n\n<div class=\"wp-block-image\">\n<figure class=\"aligncenter is-resized\"><a href=\"https:\/\/agenciadenoticias.ms.gov.br\/estudantes-atletas-de-ms-representarao-o-brasil-nos-jogos-sul-americanos-escolares\/whatsapp-image-2024-11-13-at-08-29-28\/\"><img decoding=\"async\" src=\"https:\/\/agenciadenoticias.ms.gov.br\/wp-content\/uploads\/2024\/11\/WhatsApp-Image-2024-11-13-at-08.29.28-274x300.jpeg\" alt=\"\" style=\"width:444px;height:auto\"\/><\/a><figcaption class=\"wp-element-caption\">A judoca Anna Clara Alegre promete ser destaque na Col\u00f4mbia<\/figcaption><\/figure>\n<\/div>\n\n<div class=\"wp-block-image\">\n<figure class=\"aligncenter is-resized\"><a href=\"https:\/\/agenciadenoticias.ms.gov.br\/estudantes-atletas-de-ms-representarao-o-brasil-nos-jogos-sul-americanos-escolares\/whatsapp-image-2024-11-11-at-09-42-15\/\"><img decoding=\"async\" src=\"https:\/\/agenciadenoticias.ms.gov.br\/wp-content\/uploads\/2024\/11\/WhatsApp-Image-2024-11-11-at-09.42.15-200x300.jpeg\" alt=\"\" style=\"width:452px;height:auto\"\/><\/a><figcaption class=\"wp-element-caption\">Maria Eduarda da Silva disputa 80m com barreiras<\/figcaption><\/figure>\n<\/div>\n\n\n<p>Outra representante sul-mato-grossense ser\u00e1 Maria Eduarda da Silva, de 14 anos, de Tr\u00eas Lagoas, tamb\u00e9m do atletismo, que disputar\u00e1 a prova dos 80 metros com barreiras. Maria, tamb\u00e9m benefici\u00e1ria do Bolsa Atleta e participante do Prodesc, garantiu sua convoca\u00e7\u00e3o ao campeonato sul-americano ao conquistar a medalha de prata no JEBs.<\/p>\n\n\n\n<p>\u201cA import\u00e2ncia desse campeonato \u00e9 dar visibilidade e novas oportunidades para atletas como eu. Minha expectativa \u00e9 melhorar minha marca, ficar entre as oito melhores e, se Deus quiser, chegar ao p\u00f3dio\u201d, destaca Maria.<\/p>\n\n\n<div class=\"wp-block-image\">\n<figure class=\"alignleft\" id=\"attachment_496006\"><a href=\"https:\/\/agenciadenoticias.ms.gov.br\/?attachment_id=496006\"><img decoding=\"async\" src=\"https:\/\/agenciadenoticias.ms.gov.br\/wp-content\/uploads\/2024\/11\/WhatsApp-Image-2024-11-07-at-09.23.45-225x300.jpeg\" alt=\"\" class=\"wp-image-496006\"\/><\/a><figcaption class=\"wp-element-caption\">Karina Quaini ser\u00e1 delegada de voleibol na competi\u00e7\u00e3o<\/figcaption><\/figure>\n<\/div>\n\n\n<p>A diretora de Pol\u00edticas de Forma\u00e7\u00e3o Esportiva da Fundesporte, Karina Quaini, foi convidada pela CBDE para integrar a delega\u00e7\u00e3o brasileira como delegada de modalidade esportiva.<\/p>\n\n\n\n<p>\u201cFui convocada pela CBDE e pela FEEMS (Federa\u00e7\u00e3o de Esporte Escolar de Mato Grosso do Sul) devido \u00e0 minha participa\u00e7\u00e3o desde a primeira edi\u00e7\u00e3o como chefe de delega\u00e7\u00e3o de Mato Grosso do Sul. A expectativa \u00e9 de muito aprendizado; participar de um evento sul-americano certamente nos trar\u00e1 novos conhecimentos. \u00c9 uma oportunidade de troca de experi\u00eancias e de conhecer pessoas de outros 12 pa\u00edses do continente, o que nos enriquece muito\u201d, ressalta Karina.<\/p>\n\n\n\n<p><em>Bel Manvailer, Comunica\u00e7\u00e3o Setesc<br>Fotos: arquivo\/Fundesporte<\/em><\/p>\n","protected":false},"excerpt":{"rendered":"<p>Entre os dias 1\u00ba e 11 de dezembro, ser\u00e1 realizada em Bucaramanga, na Col\u00f4mbia, a 28\u00aa edi\u00e7\u00e3o dos Jogos Sul-Americanos<\/p>\n","protected":false},"author":1,"featured_media":8308,"comment_status":"open","ping_status":"open","sticky":false,"template":"","format":"standard","meta":{"footnotes":""},"categories":[2],"tags":[],"class_list":["post-8312","post","type-post","status-publish","format-standard","has-post-thumbnail","hentry","category-noticias"],"_links":{"self":[{"href":"https:\/\/jornaloalvorada.com.br\/site\/wp-json\/wp\/v2\/posts\/8312","targetHints":{"allow":["GET"]}}],"collection":[{"href":"https:\/\/jornaloalvorada.com.br\/site\/wp-json\/wp\/v2\/posts"}],"about":[{"href":"https:\/\/jornaloalvorada.com.br\/site\/wp-json\/wp\/v2\/types\/post"}],"author":[{"embeddable":true,"href":"https:\/\/jornaloalvorada.com.br\/site\/wp-json\/wp\/v2\/users\/1"}],"replies":[{"embeddable":true,"href":"https:\/\/jornaloalvorada.com.br\/site\/wp-json\/wp\/v2\/comments?post=8312"}],"version-history":[{"count":1,"href":"https:\/\/jornaloalvorada.com.br\/site\/wp-json\/wp\/v2\/posts\/8312\/revisions"}],"predecessor-version":[{"id":8313,"href":"https:\/\/jornaloalvorada.com.br\/site\/wp-json\/wp\/v2\/posts\/8312\/revisions\/8313"}],"wp:featuredmedia":[{"embeddable":true,"href":"https:\/\/jornaloalvorada.com.br\/site\/wp-json\/wp\/v2\/media\/8308"}],"wp:attachment":[{"href":"https:\/\/jornaloalvorada.com.br\/site\/wp-json\/wp\/v2\/media?parent=8312"}],"wp:term":[{"taxonomy":"category","embeddable":true,"href":"https:\/\/jornaloalvorada.com.br\/site\/wp-json\/wp\/v2\/categories?post=8312"},{"taxonomy":"post_tag","embeddable":true,"href":"https:\/\/jornaloalvorada.com.br\/site\/wp-json\/wp\/v2\/tags?post=8312"}],"curies":[{"name":"wp","href":"https:\/\/api.w.org\/{rel}","templated":true}]}}