{"id":8303,"date":"2024-11-14T17:43:01","date_gmt":"2024-11-14T21:43:01","guid":{"rendered":"https:\/\/jornaloalvorada.com.br\/site\/?p=8303"},"modified":"2024-11-14T17:43:03","modified_gmt":"2024-11-14T21:43:03","slug":"veja-o-que-abre-e-fecha-no-feriado-do-dia-15-11","status":"publish","type":"post","link":"https:\/\/jornaloalvorada.com.br\/site\/2024\/11\/14\/veja-o-que-abre-e-fecha-no-feriado-do-dia-15-11\/","title":{"rendered":"Veja o que abre e fecha no feriado do dia 15\/11"},"content":{"rendered":"\n<p>No cen\u00e1rio dos <a href=\"https:\/\/terrabrasilnoticias.com\/2024\/11\/previsao-do-tempo-no-brasil-o-que-esperar-para-o-feriado-prolongado\/\">feriados nacionais<\/a>, diversos servi\u00e7os p\u00fablicos s\u00e3o afetados, com a suspens\u00e3o ou altera\u00e7\u00e3o de seus atendimentos habituais. Contudo, alguns servi\u00e7os considerados <strong>essenciais<\/strong> operam em regime de plant\u00e3o. Entre esses servi\u00e7os, destacam-se os <em>atendimentos de sa\u00fade<\/em> em hospitais e unidades de Pronto Atendimento. Al\u00e9m disso, servi\u00e7os de <strong>seguran\u00e7a p\u00fablica<\/strong> e <strong>limpeza urbana<\/strong> continuam operacionais, assegurando que as necessidades b\u00e1sicas da popula\u00e7\u00e3o sejam atendidas mesmo nos dias de folga.<\/p>\n\n\n\n<h2 class=\"wp-block-heading\">Com\u00e9rcio Fecha as Portas Consoante Conven\u00e7\u00e3o Coletiva<\/h2>\n\n\n\n<p>No dia da <a href=\"https:\/\/al.se.leg.br\/brasil-celebra-135-anos-de-proclamacao-da-republica\/\">Proclama\u00e7\u00e3o da Rep\u00fablica<\/a>, o com\u00e9rcio tradicionalmente permanece fechado. Essa paralisa\u00e7\u00e3o \u00e9 uma imposi\u00e7\u00e3o da conven\u00e7\u00e3o coletiva estabelecida pela Fecom\u00e9rcio Tocantins, uma pr\u00e1tica que reflete a inten\u00e7\u00e3o de garantir o descanso dos trabalhadores do setor. Essa medida proporciona aos funcion\u00e1rios a oportunidade de aproveitarem o feriado sem comprometer o direito ao lazer e ao repouso.<\/p>\n\n\n\n<figure class=\"wp-block-image\"><img decoding=\"async\" src=\"https:\/\/terrabrasilnoticias.com\/wp-content\/uploads\/2024\/11\/IMG_1292-1024x682.jpeg\" alt=\"\"\/><figcaption class=\"wp-element-caption\">Bandeira do Brasil<\/figcaption><\/figure>\n\n\n\n<h2 class=\"wp-block-heading\">Bancos Interrompem Opera\u00e7\u00f5es na Sexta-feira: E Agora?<\/h2>\n\n\n\n<p>Os bancos tamb\u00e9m n\u00e3o abrem as portas durante este feriado. A Federa\u00e7\u00e3o Brasileira de Bancos (Febraban) indica que, apesar da suspens\u00e3o dos servi\u00e7os presenciais, as compensa\u00e7\u00f5es de pagamentos ser\u00e3o retomadas no pr\u00f3ximo dia \u00fatil. Entretanto, os clientes n\u00e3o ficam totalmente desamparados, j\u00e1 que as transa\u00e7\u00f5es via PIX permanecem ativas. Al\u00e9m disso, o uso do Internet Banking oferece uma alternativa pr\u00e1tica e imediata para aqueles que necessitam realizar pagamentos ou transfer\u00eancias durante o feriado.<\/p>\n\n\n\n<h2 class=\"wp-block-heading\">Supermercados e Seus Hor\u00e1rios Diferenciados<\/h2>\n\n\n\n<ul class=\"wp-block-list\">\n<li><strong>Big<\/strong>: funciona das 6h \u00e0s 22h.<\/li>\n\n\n\n<li><strong>Quartetto<\/strong>: abre no hor\u00e1rio de domingo, das 6h30 \u00e0s 21h, exceto a unidade do shopping, que opera das 7h \u00e0s 22h.<\/li>\n\n\n\n<li><strong>Assa\u00ed<\/strong>: aberto das 7h \u00e0s 22h.<\/li>\n\n\n\n<li><strong>Atacad\u00e3o<\/strong>: tamb\u00e9m operando das 7h \u00e0s 22h.<\/li>\n<\/ul>\n\n\n\n<p>Os grandes supermercados oferecem um servi\u00e7o mais flex\u00edvel em feriados, ajustando seu hor\u00e1rio de funcionamento para atender \u00e0 demanda potencialmente aumentada, ao mesmo tempo em que observam a regulamenta\u00e7\u00e3o vigente.<\/p>\n\n\n\n<h2 class=\"wp-block-heading\">Correios e Shoppings: Como Funcionam?<\/h2>\n\n\n\n<p>A empresa dos Correios n\u00e3o realizar\u00e1 atendimento ao p\u00fablico nas ag\u00eancias durante o feriado. Contudo, para aqueles que precisam dos servi\u00e7os no s\u00e1bado, as ag\u00eancias que abrem neste dia seguir\u00e3o seus hor\u00e1rios habituais. Para saber mais sobre os hor\u00e1rios espec\u00edficos, recomenda-se consultar o site oficial dos Correios.<\/p>\n\n\n\n<p>Por sua vez, os <strong>shoppings<\/strong> t\u00eam hor\u00e1rios modificados. No <strong>Palmas Shopping<\/strong>, as lojas funcionam das 11h \u00e0s 17h, enquanto a pra\u00e7a de alimenta\u00e7\u00e3o segue seu expediente normal, das 10h \u00e0s 22h. J\u00e1 o <strong>Capim Dourado Shopping<\/strong> trabalhar\u00e1 em escala especial: al\u00e9m de servi\u00e7os essenciais como lavanderia, que funciona das 6h \u00e0 meia-noite, cinemas mant\u00eam suas programa\u00e7\u00f5es regulares.<\/p>\n\n\n\n<p><strong><em>Fonte: Terra Brasil Noticias<\/em><\/strong><\/p>\n","protected":false},"excerpt":{"rendered":"<p>No cen\u00e1rio dos feriados nacionais, diversos servi\u00e7os p\u00fablicos s\u00e3o afetados, com a suspens\u00e3o ou altera\u00e7\u00e3o de seus atendimentos habituais. Contudo,<\/p>\n","protected":false},"author":1,"featured_media":8304,"comment_status":"open","ping_status":"open","sticky":false,"template":"","format":"standard","meta":{"footnotes":""},"categories":[2],"tags":[],"class_list":["post-8303","post","type-post","status-publish","format-standard","has-post-thumbnail","hentry","category-noticias"],"_links":{"self":[{"href":"https:\/\/jornaloalvorada.com.br\/site\/wp-json\/wp\/v2\/posts\/8303","targetHints":{"allow":["GET"]}}],"collection":[{"href":"https:\/\/jornaloalvorada.com.br\/site\/wp-json\/wp\/v2\/posts"}],"about":[{"href":"https:\/\/jornaloalvorada.com.br\/site\/wp-json\/wp\/v2\/types\/post"}],"author":[{"embeddable":true,"href":"https:\/\/jornaloalvorada.com.br\/site\/wp-json\/wp\/v2\/users\/1"}],"replies":[{"embeddable":true,"href":"https:\/\/jornaloalvorada.com.br\/site\/wp-json\/wp\/v2\/comments?post=8303"}],"version-history":[{"count":1,"href":"https:\/\/jornaloalvorada.com.br\/site\/wp-json\/wp\/v2\/posts\/8303\/revisions"}],"predecessor-version":[{"id":8305,"href":"https:\/\/jornaloalvorada.com.br\/site\/wp-json\/wp\/v2\/posts\/8303\/revisions\/8305"}],"wp:featuredmedia":[{"embeddable":true,"href":"https:\/\/jornaloalvorada.com.br\/site\/wp-json\/wp\/v2\/media\/8304"}],"wp:attachment":[{"href":"https:\/\/jornaloalvorada.com.br\/site\/wp-json\/wp\/v2\/media?parent=8303"}],"wp:term":[{"taxonomy":"category","embeddable":true,"href":"https:\/\/jornaloalvorada.com.br\/site\/wp-json\/wp\/v2\/categories?post=8303"},{"taxonomy":"post_tag","embeddable":true,"href":"https:\/\/jornaloalvorada.com.br\/site\/wp-json\/wp\/v2\/tags?post=8303"}],"curies":[{"name":"wp","href":"https:\/\/api.w.org\/{rel}","templated":true}]}}