{"id":8300,"date":"2024-11-14T17:39:53","date_gmt":"2024-11-14T21:39:53","guid":{"rendered":"https:\/\/jornaloalvorada.com.br\/site\/?p=8300"},"modified":"2024-11-14T17:39:55","modified_gmt":"2024-11-14T21:39:55","slug":"nova-lei-acaba-com-fiscalizacao-de-velocidade-nas-estradas","status":"publish","type":"post","link":"https:\/\/jornaloalvorada.com.br\/site\/2024\/11\/14\/nova-lei-acaba-com-fiscalizacao-de-velocidade-nas-estradas\/","title":{"rendered":"Nova lei acaba com fiscaliza\u00e7\u00e3o de velocidade nas estradas"},"content":{"rendered":"\n<p>Uma nova proposta legislativa em Santa Catarina gerou um intenso debate sobre a fiscaliza\u00e7\u00e3o de velocidade nas <a href=\"https:\/\/terrabrasilnoticias.com\/2024\/10\/novo-radar-antitrapaca-chega-ao-brasil-veja-como-funciona\/\">rodovias estaduais<\/a>. O projeto de lei, de autoria do deputado S\u00e9rgio Guimar\u00e3es, sugere a elimina\u00e7\u00e3o dos radares m\u00f3veis e drones utilizados para monitorar o tr\u00e2nsito, visando maior transpar\u00eancia na fiscaliza\u00e7\u00e3o. Em um estado onde n\u00e3o existem radares fixos, esta proposta tem levantado preocupa\u00e7\u00f5es sobre a seguran\u00e7a vi\u00e1ria e a efetividade da fiscaliza\u00e7\u00e3o.<\/p>\n\n\n\n<p>A aus\u00eancia de controle nas estradas estaduais poderia levar a um aumento de infra\u00e7\u00f5es de tr\u00e2nsito, colocando em risco a seguran\u00e7a dos motoristas. Atualmente, o uso de radares m\u00f3veis \u00e9 uma das poucas maneiras de garantir que os limites de velocidade sejam respeitados, evitando comportamentos perigosos nas vias p\u00fablicas.<\/p>\n\n\n\n<figure class=\"wp-block-image\"><img decoding=\"async\" src=\"https:\/\/terrabrasilnoticias.com\/wp-content\/uploads\/2024\/09\/radar-transito_1727006167330-1024x576.jpg\" alt=\"\"\/><figcaption class=\"wp-element-caption\">Radar monitorando velocidade de carros<\/figcaption><\/figure>\n\n\n\n<h2 class=\"wp-block-heading\">Os Argumentos Contra a Proposta<\/h2>\n\n\n\n<p>Especialistas e autoridades de tr\u00e2nsito t\u00eam criticado a potencial aprova\u00e7\u00e3o do projeto. O comandante da Pol\u00edcia Militar Rodovi\u00e1ria de <a href=\"https:\/\/www.alesc.sc.gov.br\/\">Santa Catarina<\/a>, por exemplo, destacou que a remo\u00e7\u00e3o dos dispositivos de fiscaliza\u00e7\u00e3o poderia resultar em mais acidentes e mortes. Dados estat\u00edsticos j\u00e1 mostram um n\u00famero consider\u00e1vel de mortes nas rodovias estaduais anualmente, e a proposta poderia impactar negativamente esses n\u00fameros.<\/p>\n\n\n\n<p>Al\u00e9m disso, quest\u00f5es legais foram levantadas sobre a constitucionalidade da proposta. Segundo advogados, a legisla\u00e7\u00e3o de tr\u00e2nsito \u00e9 de compet\u00eancia federal, o que significa que estados n\u00e3o t\u00eam autonomia para realizar altera\u00e7\u00f5es nesse \u00e2mbito sem a aprova\u00e7\u00e3o da Uni\u00e3o.<\/p>\n\n\n\n<h2 class=\"wp-block-heading\">Impactos Potenciais na Seguran\u00e7a das Estradas<\/h2>\n\n\n\n<p>A fiscaliza\u00e7\u00e3o de velocidade nas rodovias n\u00e3o \u00e9 apenas um instrumento de controle, mas tamb\u00e9m um mecanismo crucial para promover um tr\u00e2nsito mais seguro. Sem a presen\u00e7a de radares m\u00f3veis, os motoristas podem n\u00e3o se sentir t\u00e3o dissuadidos a cumprir os limites estabelecidos, o que pode aumentar o n\u00famero de acidentes fatais. O controle de velocidade \u00e9 essencial para minimizar riscos e proteger a vida dos usu\u00e1rios das estradas.<\/p>\n\n\n\n<p>O uso de drones tamb\u00e9m \u00e9 significativo, pois permite monitorar comportamentos perigosos em tempo real, como ultrapassagens indevidas. A elimina\u00e7\u00e3o desses equipamentos pode criar um ambiente mais permissivo para infra\u00e7\u00f5es, comprometendo a seguran\u00e7a geral das rodovias.<\/p>\n\n\n\n<h2 class=\"wp-block-heading\">Pr\u00f3ximos Passos na Tramita\u00e7\u00e3o do Projeto<\/h2>\n\n\n\n<p>Atualmente, o projeto est\u00e1 em discuss\u00e3o na Assembleia Legislativa de Santa Catarina, j\u00e1 tendo passado pela Comiss\u00e3o de Constitui\u00e7\u00e3o e Justi\u00e7a. O pr\u00f3ximo passo envolve o parecer da Comiss\u00e3o de Tributa\u00e7\u00e3o e Finan\u00e7as. A evolu\u00e7\u00e3o deste processo tem gerado controv\u00e9rsias dentro do pr\u00f3prio legislativo, mostrando uma divis\u00e3o nas opini\u00f5es sobre a import\u00e2ncia e a efic\u00e1cia dos m\u00e9todos de fiscaliza\u00e7\u00e3o atualmente empregados.<\/p>\n\n\n\n<p>A decis\u00e3o final sobre a proposta n\u00e3o apenas define o futuro da fiscaliza\u00e7\u00e3o de velocidade no estado, mas tamb\u00e9m representa uma escolha sobre como equilibrar a necessidade de seguran\u00e7a com preocupa\u00e7\u00f5es de transpar\u00eancia e justi\u00e7a para os motoristas. Os pr\u00f3ximos movimentos legislativos ser\u00e3o decisivos para a seguran\u00e7a vi\u00e1ria em Santa Catarina.<\/p>\n\n\n\n<p><em>Fonte: Terra Brasil Not\u00edcias<\/em><\/p>\n","protected":false},"excerpt":{"rendered":"<p>Uma nova proposta legislativa em Santa Catarina gerou um intenso debate sobre a fiscaliza\u00e7\u00e3o de velocidade nas rodovias estaduais. O<\/p>\n","protected":false},"author":1,"featured_media":8301,"comment_status":"open","ping_status":"open","sticky":false,"template":"","format":"standard","meta":{"footnotes":""},"categories":[2],"tags":[],"class_list":["post-8300","post","type-post","status-publish","format-standard","has-post-thumbnail","hentry","category-noticias"],"_links":{"self":[{"href":"https:\/\/jornaloalvorada.com.br\/site\/wp-json\/wp\/v2\/posts\/8300","targetHints":{"allow":["GET"]}}],"collection":[{"href":"https:\/\/jornaloalvorada.com.br\/site\/wp-json\/wp\/v2\/posts"}],"about":[{"href":"https:\/\/jornaloalvorada.com.br\/site\/wp-json\/wp\/v2\/types\/post"}],"author":[{"embeddable":true,"href":"https:\/\/jornaloalvorada.com.br\/site\/wp-json\/wp\/v2\/users\/1"}],"replies":[{"embeddable":true,"href":"https:\/\/jornaloalvorada.com.br\/site\/wp-json\/wp\/v2\/comments?post=8300"}],"version-history":[{"count":1,"href":"https:\/\/jornaloalvorada.com.br\/site\/wp-json\/wp\/v2\/posts\/8300\/revisions"}],"predecessor-version":[{"id":8302,"href":"https:\/\/jornaloalvorada.com.br\/site\/wp-json\/wp\/v2\/posts\/8300\/revisions\/8302"}],"wp:featuredmedia":[{"embeddable":true,"href":"https:\/\/jornaloalvorada.com.br\/site\/wp-json\/wp\/v2\/media\/8301"}],"wp:attachment":[{"href":"https:\/\/jornaloalvorada.com.br\/site\/wp-json\/wp\/v2\/media?parent=8300"}],"wp:term":[{"taxonomy":"category","embeddable":true,"href":"https:\/\/jornaloalvorada.com.br\/site\/wp-json\/wp\/v2\/categories?post=8300"},{"taxonomy":"post_tag","embeddable":true,"href":"https:\/\/jornaloalvorada.com.br\/site\/wp-json\/wp\/v2\/tags?post=8300"}],"curies":[{"name":"wp","href":"https:\/\/api.w.org\/{rel}","templated":true}]}}