{"id":8297,"date":"2024-11-14T12:26:08","date_gmt":"2024-11-14T16:26:08","guid":{"rendered":"https:\/\/jornaloalvorada.com.br\/site\/?p=8297"},"modified":"2024-11-14T12:26:11","modified_gmt":"2024-11-14T16:26:11","slug":"prefeito-jose-paleari-participa-de-homenagem-celebrando-o-dia-do-diretor","status":"publish","type":"post","link":"https:\/\/jornaloalvorada.com.br\/site\/2024\/11\/14\/prefeito-jose-paleari-participa-de-homenagem-celebrando-o-dia-do-diretor\/","title":{"rendered":"Prefeito Jos\u00e9 Paleari participa de homenagem celebrando o Dia do Diretor"},"content":{"rendered":"\n<p>Jos\u00e9 Paulo Paleari, prefeito de Nova Alvorada do Sul, participou ao lado da Secret\u00e1ria de Educa\u00e7\u00e3o, \u00c2ngela, de um jantar especial em homenagem aos nossos diretores, celebrando o Dia do Diretor.<\/p>\n\n\n\n<p>Foi uma noite de reconhecimento e gratid\u00e3o pelo trabalho incans\u00e1vel desses profissionais que fazem a diferen\u00e7a na educa\u00e7\u00e3o do nosso munic\u00edpio. Parab\u00e9ns a todos os diretores pelo comprometimento e dedica\u00e7\u00e3o!<\/p>\n","protected":false},"excerpt":{"rendered":"<p>Jos\u00e9 Paulo Paleari, prefeito de Nova Alvorada do Sul, participou ao lado da Secret\u00e1ria de Educa\u00e7\u00e3o, \u00c2ngela, de um jantar<\/p>\n","protected":false},"author":1,"featured_media":8298,"comment_status":"open","ping_status":"open","sticky":false,"template":"","format":"standard","meta":{"footnotes":""},"categories":[2],"tags":[],"class_list":["post-8297","post","type-post","status-publish","format-standard","has-post-thumbnail","hentry","category-noticias"],"_links":{"self":[{"href":"https:\/\/jornaloalvorada.com.br\/site\/wp-json\/wp\/v2\/posts\/8297","targetHints":{"allow":["GET"]}}],"collection":[{"href":"https:\/\/jornaloalvorada.com.br\/site\/wp-json\/wp\/v2\/posts"}],"about":[{"href":"https:\/\/jornaloalvorada.com.br\/site\/wp-json\/wp\/v2\/types\/post"}],"author":[{"embeddable":true,"href":"https:\/\/jornaloalvorada.com.br\/site\/wp-json\/wp\/v2\/users\/1"}],"replies":[{"embeddable":true,"href":"https:\/\/jornaloalvorada.com.br\/site\/wp-json\/wp\/v2\/comments?post=8297"}],"version-history":[{"count":1,"href":"https:\/\/jornaloalvorada.com.br\/site\/wp-json\/wp\/v2\/posts\/8297\/revisions"}],"predecessor-version":[{"id":8299,"href":"https:\/\/jornaloalvorada.com.br\/site\/wp-json\/wp\/v2\/posts\/8297\/revisions\/8299"}],"wp:featuredmedia":[{"embeddable":true,"href":"https:\/\/jornaloalvorada.com.br\/site\/wp-json\/wp\/v2\/media\/8298"}],"wp:attachment":[{"href":"https:\/\/jornaloalvorada.com.br\/site\/wp-json\/wp\/v2\/media?parent=8297"}],"wp:term":[{"taxonomy":"category","embeddable":true,"href":"https:\/\/jornaloalvorada.com.br\/site\/wp-json\/wp\/v2\/categories?post=8297"},{"taxonomy":"post_tag","embeddable":true,"href":"https:\/\/jornaloalvorada.com.br\/site\/wp-json\/wp\/v2\/tags?post=8297"}],"curies":[{"name":"wp","href":"https:\/\/api.w.org\/{rel}","templated":true}]}}