{"id":8290,"date":"2024-11-14T08:43:41","date_gmt":"2024-11-14T12:43:41","guid":{"rendered":"https:\/\/jornaloalvorada.com.br\/site\/?p=8290"},"modified":"2024-11-14T08:43:44","modified_gmt":"2024-11-14T12:43:44","slug":"saude-bucal-em-mato-grosso-do-sul-recebe-premio-nacional-por-desempenho-e-inovacao","status":"publish","type":"post","link":"https:\/\/jornaloalvorada.com.br\/site\/2024\/11\/14\/saude-bucal-em-mato-grosso-do-sul-recebe-premio-nacional-por-desempenho-e-inovacao\/","title":{"rendered":"Sa\u00fade Bucal em Mato Grosso do Sul recebe pr\u00eamio nacional por desempenho e inova\u00e7\u00e3o"},"content":{"rendered":"\n<p>A sa\u00fade bucal em Mato Grosso do Sul foi reconhecida em n\u00edvel nacional, conquistando uma premia\u00e7\u00e3o que destaca as melhores pr\u00e1ticas e inova\u00e7\u00f5es no setor. O Conselho Federal de Odontologia (CFO) entregou na ter\u00e7a-feira (12), em Bras\u00edlia, o \u2018Pr\u00eamio Nacional CFO de Sa\u00fade Bucal\u2019, uma iniciativa que visa valorizar os esfor\u00e7os e as conquistas dos munic\u00edpios brasileiros na implementa\u00e7\u00e3o de pol\u00edticas p\u00fablicas voltadas para a sa\u00fade bucal.<\/p>\n\n\n\n<p>O munic\u00edpio de Deod\u00e1polis foi o grande vencedor na categoria Organiza\u00e7\u00e3o dos Servi\u00e7os, na regi\u00e3o centro-oeste em cidades de at\u00e9 20 mil habitantes, recebendo o primeiro lugar por suas iniciativas inovadoras e eficazes na gest\u00e3o da sa\u00fade bucal.<\/p>\n\n\n\n<p>Com iniciativas que v\u00e3o desde campanhas educativas at\u00e9 atendimentos em comunidades rurais, o projeto premiado se destaca como um modelo a ser seguido por outras regi\u00f5es do Brasil. Como premia\u00e7\u00e3o, o munic\u00edpio vai ganhar um consult\u00f3rio odontol\u00f3gico completo<\/p>\n\n\n<div class=\"wp-block-image\">\n<figure class=\"alignleft\"><img decoding=\"async\" src=\"https:\/\/agenciadenoticias.ms.gov.br\/wp-content\/uploads\/2024\/11\/WhatsApp-Image-2024-11-12-at-09.04.16-300x229.jpeg\" alt=\"\" class=\"wp-image-496083\"\/><\/figure>\n<\/div>\n\n\n<p>Para o prefeito de Deod\u00e1polis, Valdir Sartor, o CFO valoriza a import\u00e2ncia da gest\u00e3o participativa, que envolve a comunidade e os gestores na implementa\u00e7\u00e3o de pol\u00edticas de sa\u00fade que atendam \u00e0s necessidades locais.<\/p>\n\n\n\n<p>\u201cUm reconhecimento importante para a cidade que se destacou por suas a\u00e7\u00f5es na promo\u00e7\u00e3o da sa\u00fade bucal no munic\u00edpio. A valoriza\u00e7\u00e3o do trabalho dos profissionais e a participa\u00e7\u00e3o ativa dos gestores, s\u00e3o fundamentais para a constru\u00e7\u00e3o de uma sa\u00fade bucal mais acess\u00edvel e eficaz para todos os cidad\u00e3os\u201d, afirma o prefeito.<\/p>\n\n\n\n<p>O Pr\u00eamio Nacional CFO de Sa\u00fade Bucal foi institu\u00eddo com o objetivo de reconhecer n\u00e3o apenas os profissionais da odontologia que se dedicam ao avan\u00e7o da sa\u00fade bucal, mas tamb\u00e9m os munic\u00edpios que buscam a excel\u00eancia na sa\u00fade p\u00fablica.<\/p>\n\n\n\n<p>Durante a cerim\u00f4nia, a secret\u00e1ria-adjunta de Sa\u00fade de Mato Grosso do Sul, Crhistinne Maymone foi homenageada com a medalha de honra ao m\u00e9rito odontol\u00f3gico nacional, na categoria B: contribui\u00e7\u00e3o honor\u00edfica, no plano do desempenho social, pol\u00edtico e nos servi\u00e7os.<\/p>\n\n\n\n<p>&#8220;A sa\u00fade bucal \u00e9 um direito de todos, e a atua\u00e7\u00e3o dos munic\u00edpios \u00e9 fundamental para que possamos alcan\u00e7ar um sistema de sa\u00fade mais justo e inclusivo. O pr\u00eamio \u00e9 uma forma de reconhecer e estimular o esfor\u00e7o coletivo e o comprometimento de cada cidade que se empenha em promover a sa\u00fade de seus cidad\u00e3os&#8221;, ressalta Maymone.<\/p>\n\n\n<div class=\"wp-block-image\">\n<figure class=\"alignright\"><img decoding=\"async\" src=\"https:\/\/agenciadenoticias.ms.gov.br\/wp-content\/uploads\/2024\/11\/WhatsApp-Image-2024-11-12-at-12.40.58-1-300x225.jpeg\" alt=\"\" class=\"wp-image-496082\"\/><\/figure>\n<\/div>\n\n\n<p>A secret\u00e1ria-adjunta enfatiza que o reconhecimento de Deod\u00e1polis \u00e9 um exemplo inspirador para outros munic\u00edpios do Estado, mostrando que com planejamento, dedica\u00e7\u00e3o e a participa\u00e7\u00e3o da sociedade, \u00e9 poss\u00edvel alcan\u00e7ar resultados significativos na sa\u00fade p\u00fablica.<\/p>\n\n\n\n<p>O Pr\u00eamio Nacional CFO de Sa\u00fade Bucal \u00e9 uma iniciativa que refor\u00e7a o compromisso com a melhoria cont\u00ednua dos servi\u00e7os de sa\u00fade bucal no Brasil, incentivando a inclus\u00e3o social e a qualidade no atendimento.<\/p>\n\n\n\n<p><em>Helton Davis, Comunica\u00e7\u00e3o SES<\/em><\/p>\n","protected":false},"excerpt":{"rendered":"<p>A sa\u00fade bucal em Mato Grosso do Sul foi reconhecida em n\u00edvel nacional, conquistando uma premia\u00e7\u00e3o que destaca as melhores<\/p>\n","protected":false},"author":1,"featured_media":8291,"comment_status":"open","ping_status":"open","sticky":false,"template":"","format":"standard","meta":{"footnotes":""},"categories":[2],"tags":[],"class_list":["post-8290","post","type-post","status-publish","format-standard","has-post-thumbnail","hentry","category-noticias"],"_links":{"self":[{"href":"https:\/\/jornaloalvorada.com.br\/site\/wp-json\/wp\/v2\/posts\/8290","targetHints":{"allow":["GET"]}}],"collection":[{"href":"https:\/\/jornaloalvorada.com.br\/site\/wp-json\/wp\/v2\/posts"}],"about":[{"href":"https:\/\/jornaloalvorada.com.br\/site\/wp-json\/wp\/v2\/types\/post"}],"author":[{"embeddable":true,"href":"https:\/\/jornaloalvorada.com.br\/site\/wp-json\/wp\/v2\/users\/1"}],"replies":[{"embeddable":true,"href":"https:\/\/jornaloalvorada.com.br\/site\/wp-json\/wp\/v2\/comments?post=8290"}],"version-history":[{"count":1,"href":"https:\/\/jornaloalvorada.com.br\/site\/wp-json\/wp\/v2\/posts\/8290\/revisions"}],"predecessor-version":[{"id":8292,"href":"https:\/\/jornaloalvorada.com.br\/site\/wp-json\/wp\/v2\/posts\/8290\/revisions\/8292"}],"wp:featuredmedia":[{"embeddable":true,"href":"https:\/\/jornaloalvorada.com.br\/site\/wp-json\/wp\/v2\/media\/8291"}],"wp:attachment":[{"href":"https:\/\/jornaloalvorada.com.br\/site\/wp-json\/wp\/v2\/media?parent=8290"}],"wp:term":[{"taxonomy":"category","embeddable":true,"href":"https:\/\/jornaloalvorada.com.br\/site\/wp-json\/wp\/v2\/categories?post=8290"},{"taxonomy":"post_tag","embeddable":true,"href":"https:\/\/jornaloalvorada.com.br\/site\/wp-json\/wp\/v2\/tags?post=8290"}],"curies":[{"name":"wp","href":"https:\/\/api.w.org\/{rel}","templated":true}]}}