{"id":8287,"date":"2024-11-14T08:42:47","date_gmt":"2024-11-14T12:42:47","guid":{"rendered":"https:\/\/jornaloalvorada.com.br\/site\/?p=8287"},"modified":"2024-11-14T08:42:51","modified_gmt":"2024-11-14T12:42:51","slug":"novo-leilao-do-detran-ms-tem-fiat-toro-2021-com-lance-inicial-de-r-24-mil","status":"publish","type":"post","link":"https:\/\/jornaloalvorada.com.br\/site\/2024\/11\/14\/novo-leilao-do-detran-ms-tem-fiat-toro-2021-com-lance-inicial-de-r-24-mil\/","title":{"rendered":"Novo leil\u00e3o do Detran-MS tem Fiat Toro 2021 com lance inicial de R$ 24 mil"},"content":{"rendered":"\n<p>Com in\u00edcio marcado para \u00e0s 9h (Hor\u00e1rio de Mato Grosso do Sul) de quinta-feira, 14 de novembro, o Detran-MS (Departamento Estadual de Tr\u00e2nsito) abre mais um leil\u00e3o, desta vez, apenas ve\u00edculos de circula\u00e7\u00e3o e sucata inserv\u00edvel comp\u00f5em o certame.<\/p>\n\n\n\n<p>O leiloeiro respons\u00e1vel \u00e9 Ilto Ant\u00f4nio Martins e os lances podem ser ofertados pelo site <a href=\"http:\/\/www.vialeiloes.combr\">www.vialeiloes.combr<\/a> at\u00e9 o dia 29 de novembro \u00e0s 15h (Hor\u00e1rio de Mato Grosso do Sul). A visita\u00e7\u00e3o aos lotes acontece entre os dias 25 e 28 de novembro no p\u00e1tio da AUTOTRAN, que fica localizado na Avenida Gerval Bernardino de Souza, n\u00ba 644 no bairro Rita Vieira em Campo Grande &#8211; MS.<\/p>\n\n\n<div class=\"wp-block-image\">\n<figure class=\"alignleft\"><img decoding=\"async\" src=\"https:\/\/agenciadenoticias.ms.gov.br\/wp-content\/uploads\/2024\/11\/1f6b14f5-7a74-4921-a8c9-1a593a32b730-225x300.jpg\" alt=\"\" class=\"wp-image-496087\"\/><\/figure>\n<\/div>\n\n\n<p>Na categoria ve\u00edculos de circula\u00e7\u00e3o, s\u00e3o ofertados 106 lotes de ve\u00edculos sendo 69 motocicletas e 37 autom\u00f3veis. O destaque \u00e9 um autom\u00f3vel Fiat Toro Freedom AT6 ano 2021 na cor preta que est\u00e1 com lance inicial no valor de R$ 24.619,00. J\u00e1 o destaque das motocicletas \u00e9 Honda CG 160 Fan ano 2023 na cor prata que o lance inicial \u00e9 de R$ 3.964,00. Nesta categoria, qualquer pessoa, seja ela f\u00edsica ou jur\u00eddica, pode oferecer lances.<\/p>\n\n\n\n<p>No mesmo leil\u00e3o, h\u00e1 a categoria de sucatas inserv\u00edveis que possui 1 lote de autom\u00f3veis, sendo 121 motocicletas&nbsp; e 21 autom\u00f3veis que pesados, tem aproximadamente 29.790 Kg de material ferroso. Nesta categoria apenas pessoas jur\u00eddicas no ramo de siderurgia, fundi\u00e7\u00e3o e reciclagem credenciadas no Detran-MS podem ofertar lances.<\/p>\n\n\n\n<p><em>Texto: Rodrigo Maia, Comunica\u00e7\u00e3o Detran-MS<\/em><\/p>\n","protected":false},"excerpt":{"rendered":"<p>Com in\u00edcio marcado para \u00e0s 9h (Hor\u00e1rio de Mato Grosso do Sul) de quinta-feira, 14 de novembro, o Detran-MS (Departamento<\/p>\n","protected":false},"author":1,"featured_media":8288,"comment_status":"open","ping_status":"open","sticky":false,"template":"","format":"standard","meta":{"footnotes":""},"categories":[2],"tags":[],"class_list":["post-8287","post","type-post","status-publish","format-standard","has-post-thumbnail","hentry","category-noticias"],"_links":{"self":[{"href":"https:\/\/jornaloalvorada.com.br\/site\/wp-json\/wp\/v2\/posts\/8287","targetHints":{"allow":["GET"]}}],"collection":[{"href":"https:\/\/jornaloalvorada.com.br\/site\/wp-json\/wp\/v2\/posts"}],"about":[{"href":"https:\/\/jornaloalvorada.com.br\/site\/wp-json\/wp\/v2\/types\/post"}],"author":[{"embeddable":true,"href":"https:\/\/jornaloalvorada.com.br\/site\/wp-json\/wp\/v2\/users\/1"}],"replies":[{"embeddable":true,"href":"https:\/\/jornaloalvorada.com.br\/site\/wp-json\/wp\/v2\/comments?post=8287"}],"version-history":[{"count":1,"href":"https:\/\/jornaloalvorada.com.br\/site\/wp-json\/wp\/v2\/posts\/8287\/revisions"}],"predecessor-version":[{"id":8289,"href":"https:\/\/jornaloalvorada.com.br\/site\/wp-json\/wp\/v2\/posts\/8287\/revisions\/8289"}],"wp:featuredmedia":[{"embeddable":true,"href":"https:\/\/jornaloalvorada.com.br\/site\/wp-json\/wp\/v2\/media\/8288"}],"wp:attachment":[{"href":"https:\/\/jornaloalvorada.com.br\/site\/wp-json\/wp\/v2\/media?parent=8287"}],"wp:term":[{"taxonomy":"category","embeddable":true,"href":"https:\/\/jornaloalvorada.com.br\/site\/wp-json\/wp\/v2\/categories?post=8287"},{"taxonomy":"post_tag","embeddable":true,"href":"https:\/\/jornaloalvorada.com.br\/site\/wp-json\/wp\/v2\/tags?post=8287"}],"curies":[{"name":"wp","href":"https:\/\/api.w.org\/{rel}","templated":true}]}}