{"id":8283,"date":"2024-11-13T14:29:16","date_gmt":"2024-11-13T18:29:16","guid":{"rendered":"https:\/\/jornaloalvorada.com.br\/site\/?p=8283"},"modified":"2024-11-13T14:29:18","modified_gmt":"2024-11-13T18:29:18","slug":"trump-nomeia-musk-para-cargo-importante-do-governo","status":"publish","type":"post","link":"https:\/\/jornaloalvorada.com.br\/site\/2024\/11\/13\/trump-nomeia-musk-para-cargo-importante-do-governo\/","title":{"rendered":"Trump nomeia Musk para cargo importante do governo"},"content":{"rendered":"\n<p>Em uma recente virada pol\u00edtica nos Estados Unidos, o presidente eleito <a href=\"https:\/\/terrabrasilnoticias.com\/2024\/11\/trump-dara-cargo-de-embaixadora-da-onu-a-deputada-elise-stefanik\/\">Donald Trump<\/a> anunciou a cria\u00e7\u00e3o de um novo Departamento de Efici\u00eancia Governamental. No comando dessa iniciativa inovadora estar\u00e1 o bilion\u00e1rio Elon Musk, reconhecido por suas empreitadas vision\u00e1rias na SpaceX e em outras empresas. O an\u00fancio suscita discuss\u00f5es sobre as poss\u00edveis mudan\u00e7as que a nova estrutura pode trazer para a administra\u00e7\u00e3o p\u00fablica.<\/p>\n\n\n\n<p>Elon Musk, apoiador significativo de Trump desde a campanha presidencial, divulgou a not\u00edcia em sua conta na plataforma social X, anteriormente conhecida como Twitter. Este novo departamento representa uma tentativa de modernizar a burocracia governamental americana, visando um sistema mais \u00e1gil e econ\u00f4mico.<\/p>\n\n\n\n<figure class=\"wp-block-image\"><img decoding=\"async\" src=\"https:\/\/terrabrasilnoticias.com\/wp-content\/uploads\/2024\/11\/donald-trump_1731254792202-1024x576.jpg\" alt=\"\"\/><figcaption class=\"wp-element-caption\">Bandeira de campanha de Donald Trump e bandeira dos Estados Unidos<\/figcaption><\/figure>\n\n\n\n<h2 class=\"wp-block-heading\">Qual a fun\u00e7\u00e3o do Departamento de Efici\u00eancia Governamental?<\/h2>\n\n\n\n<p>A principal miss\u00e3o do novo departamento ser\u00e1 <strong>reduzir a burocracia<\/strong> e otimizar o uso dos recursos p\u00fablicos. A ideia \u00e9 diminuir o n\u00famero de regulamenta\u00e7\u00f5es, cortar despesas n\u00e3o indispens\u00e1veis e reestruturar ag\u00eancias federais. Este enfoque, segundo Trump, se assemelha a um \u2018Projeto Manhattan\u2019, mas voltado \u00e0 economia e governan\u00e7a.<\/p>\n\n\n\n<p>O empres\u00e1rio Vivek Ramaswamy, que desempenhar\u00e1 um papel vital como segundo no comando, colabora estreitamente com Musk para garantir que suas habilidades empreendedoras sejam aplicadas ao servi\u00e7o p\u00fablico. Juntos, eles pretendem impulsionar uma <em>revolu\u00e7\u00e3o estrutural<\/em> que permita um governo mais eficiente antes do 250\u00ba anivers\u00e1rio da Declara\u00e7\u00e3o de Independ\u00eancia, em 2026.<\/p>\n\n\n\n<h2 class=\"wp-block-heading\">Quais s\u00e3o as expectativas de impacto dessa nova medida?<\/h2>\n\n\n\n<p>A iniciativa \u00e9 vista como uma tentativa corajosa de transformar a rigidez do sistema estatal. Espera-se que <strong>o impacto econ\u00f4mico<\/strong> seja significativo, dado o objetivo de eliminar gastos excessivos e fraudes em um or\u00e7amento de US$ 6,5 trilh\u00f5es anuais. Essa abordagem, segundo os respons\u00e1veis, criar\u00e1 uma nova fase de efici\u00eancia governamental com um menor n\u00famero de intermedi\u00e1rios.<\/p>\n\n\n\n<p>Musk, ao lado de Ramaswamy, deseja que a administra\u00e7\u00e3o p\u00fablica adote uma abordagem mais semelhante \u00e0 de startups, com uma mentalidade inovadora e \u00e1gil para resolver problemas complexos. O que poderia iniciar \u00e9 um <em>movimento de reforma profunda<\/em> que transformaria a rela\u00e7\u00e3o entre a administra\u00e7\u00e3o federal e os cidad\u00e3os.<\/p>\n\n\n\n<h2 class=\"wp-block-heading\">Como ser\u00e1 a implementa\u00e7\u00e3o do projeto?<\/h2>\n\n\n\n<p>A implementa\u00e7\u00e3o depender\u00e1 de uma parceria colaborativa entre o novo departamento, a Casa Branca e o Escrit\u00f3rio de Administra\u00e7\u00e3o e Or\u00e7amento. Essas entidades em conjunto ir\u00e3o desenvolver estrat\u00e9gias para atingir as metas estabelecidas antes de 2026. Desafios burocr\u00e1ticos e institucionais ser\u00e3o enfrentados, mas h\u00e1 uma forte cren\u00e7a de que uma gest\u00e3o empreendedora poder\u00e1 superar esses entraves tradicionais.<\/p>\n\n\n\n<p>Essa mensagem de reforma e mudan\u00e7a ressoa fortemente entre os republicanos, que veem esta oportunidade como um momento decisivo para redefinir o governo americano. Elon Musk, em particular, expressou otimismo sobre o potencial impacto do projeto, chamando-o de uma \u2018amea\u00e7a \u00e0 burocracia\u2019, com o intuito de criar um sistema governamental mais respons\u00e1vel e eficiente.<\/p>\n\n\n\n<p><em>Fonte: Terra Brasil Not\u00edcias<\/em><\/p>\n\n\n\n<p><\/p>\n","protected":false},"excerpt":{"rendered":"<p>Em uma recente virada pol\u00edtica nos Estados Unidos, o presidente eleito Donald Trump anunciou a cria\u00e7\u00e3o de um novo Departamento<\/p>\n","protected":false},"author":1,"featured_media":8284,"comment_status":"open","ping_status":"open","sticky":false,"template":"","format":"standard","meta":{"footnotes":""},"categories":[2],"tags":[],"class_list":["post-8283","post","type-post","status-publish","format-standard","has-post-thumbnail","hentry","category-noticias"],"_links":{"self":[{"href":"https:\/\/jornaloalvorada.com.br\/site\/wp-json\/wp\/v2\/posts\/8283","targetHints":{"allow":["GET"]}}],"collection":[{"href":"https:\/\/jornaloalvorada.com.br\/site\/wp-json\/wp\/v2\/posts"}],"about":[{"href":"https:\/\/jornaloalvorada.com.br\/site\/wp-json\/wp\/v2\/types\/post"}],"author":[{"embeddable":true,"href":"https:\/\/jornaloalvorada.com.br\/site\/wp-json\/wp\/v2\/users\/1"}],"replies":[{"embeddable":true,"href":"https:\/\/jornaloalvorada.com.br\/site\/wp-json\/wp\/v2\/comments?post=8283"}],"version-history":[{"count":1,"href":"https:\/\/jornaloalvorada.com.br\/site\/wp-json\/wp\/v2\/posts\/8283\/revisions"}],"predecessor-version":[{"id":8285,"href":"https:\/\/jornaloalvorada.com.br\/site\/wp-json\/wp\/v2\/posts\/8283\/revisions\/8285"}],"wp:featuredmedia":[{"embeddable":true,"href":"https:\/\/jornaloalvorada.com.br\/site\/wp-json\/wp\/v2\/media\/8284"}],"wp:attachment":[{"href":"https:\/\/jornaloalvorada.com.br\/site\/wp-json\/wp\/v2\/media?parent=8283"}],"wp:term":[{"taxonomy":"category","embeddable":true,"href":"https:\/\/jornaloalvorada.com.br\/site\/wp-json\/wp\/v2\/categories?post=8283"},{"taxonomy":"post_tag","embeddable":true,"href":"https:\/\/jornaloalvorada.com.br\/site\/wp-json\/wp\/v2\/tags?post=8283"}],"curies":[{"name":"wp","href":"https:\/\/api.w.org\/{rel}","templated":true}]}}