{"id":8279,"date":"2024-11-13T14:23:02","date_gmt":"2024-11-13T18:23:02","guid":{"rendered":"https:\/\/jornaloalvorada.com.br\/site\/?p=8279"},"modified":"2024-11-13T14:23:04","modified_gmt":"2024-11-13T18:23:04","slug":"dia-do-diretor-escolar","status":"publish","type":"post","link":"https:\/\/jornaloalvorada.com.br\/site\/2024\/11\/13\/dia-do-diretor-escolar\/","title":{"rendered":"Dia do Diretor Escolar"},"content":{"rendered":"\n<p>Neste Dia do Diretor, a Escola Municipal Professora L\u00e9ia de Souza Silva expressa a profunda gratid\u00e3o pelo seu compromisso e lideran\u00e7a da diretora Lucineia Panizzi. Seu trabalho incans\u00e1vel \u00e9 o motivo da diferen\u00e7a na vida de cada aluno. Agradecemos por ser um exemplo de dedica\u00e7\u00e3o e inspira\u00e7\u00e3o! Parab\u00e9ns.<\/p>\n\n\n\n<figure class=\"wp-block-image size-large\"><img loading=\"lazy\" decoding=\"async\" width=\"724\" height=\"1024\" src=\"https:\/\/jornaloalvorada.com.br\/site\/wp-content\/uploads\/2024\/11\/diretora-724x1024.jpg\" alt=\"\" class=\"wp-image-8280\" srcset=\"https:\/\/jornaloalvorada.com.br\/site\/wp-content\/uploads\/2024\/11\/diretora-724x1024.jpg 724w, https:\/\/jornaloalvorada.com.br\/site\/wp-content\/uploads\/2024\/11\/diretora-212x300.jpg 212w, https:\/\/jornaloalvorada.com.br\/site\/wp-content\/uploads\/2024\/11\/diretora-768x1086.jpg 768w, https:\/\/jornaloalvorada.com.br\/site\/wp-content\/uploads\/2024\/11\/diretora-1086x1536.jpg 1086w, https:\/\/jornaloalvorada.com.br\/site\/wp-content\/uploads\/2024\/11\/diretora.jpg 1131w\" sizes=\"auto, (max-width: 724px) 100vw, 724px\" \/><\/figure>\n","protected":false},"excerpt":{"rendered":"<p>Neste Dia do Diretor, a Escola Municipal Professora L\u00e9ia de Souza Silva expressa a profunda gratid\u00e3o pelo seu compromisso e<\/p>\n","protected":false},"author":1,"featured_media":8281,"comment_status":"open","ping_status":"open","sticky":false,"template":"","format":"standard","meta":{"footnotes":""},"categories":[3],"tags":[],"class_list":["post-8279","post","type-post","status-publish","format-standard","has-post-thumbnail","hentry","category-social"],"_links":{"self":[{"href":"https:\/\/jornaloalvorada.com.br\/site\/wp-json\/wp\/v2\/posts\/8279","targetHints":{"allow":["GET"]}}],"collection":[{"href":"https:\/\/jornaloalvorada.com.br\/site\/wp-json\/wp\/v2\/posts"}],"about":[{"href":"https:\/\/jornaloalvorada.com.br\/site\/wp-json\/wp\/v2\/types\/post"}],"author":[{"embeddable":true,"href":"https:\/\/jornaloalvorada.com.br\/site\/wp-json\/wp\/v2\/users\/1"}],"replies":[{"embeddable":true,"href":"https:\/\/jornaloalvorada.com.br\/site\/wp-json\/wp\/v2\/comments?post=8279"}],"version-history":[{"count":1,"href":"https:\/\/jornaloalvorada.com.br\/site\/wp-json\/wp\/v2\/posts\/8279\/revisions"}],"predecessor-version":[{"id":8282,"href":"https:\/\/jornaloalvorada.com.br\/site\/wp-json\/wp\/v2\/posts\/8279\/revisions\/8282"}],"wp:featuredmedia":[{"embeddable":true,"href":"https:\/\/jornaloalvorada.com.br\/site\/wp-json\/wp\/v2\/media\/8281"}],"wp:attachment":[{"href":"https:\/\/jornaloalvorada.com.br\/site\/wp-json\/wp\/v2\/media?parent=8279"}],"wp:term":[{"taxonomy":"category","embeddable":true,"href":"https:\/\/jornaloalvorada.com.br\/site\/wp-json\/wp\/v2\/categories?post=8279"},{"taxonomy":"post_tag","embeddable":true,"href":"https:\/\/jornaloalvorada.com.br\/site\/wp-json\/wp\/v2\/tags?post=8279"}],"curies":[{"name":"wp","href":"https:\/\/api.w.org\/{rel}","templated":true}]}}