{"id":8276,"date":"2024-11-13T14:16:11","date_gmt":"2024-11-13T18:16:11","guid":{"rendered":"https:\/\/jornaloalvorada.com.br\/site\/?p=8276"},"modified":"2024-11-13T14:16:13","modified_gmt":"2024-11-13T18:16:13","slug":"nelio-justen-participa-de-encontro-com-vereadores-eleitos-de-nova-alvorada-do-sul","status":"publish","type":"post","link":"https:\/\/jornaloalvorada.com.br\/site\/2024\/11\/13\/nelio-justen-participa-de-encontro-com-vereadores-eleitos-de-nova-alvorada-do-sul\/","title":{"rendered":"N\u00e9lio Justen participa de encontro com vereadores eleitos de Nova Alvorada do Sul"},"content":{"rendered":"\n<p>Em atendimento ao convite do amigo e Presidente da C\u00e2mara de Vereadores <a href=\"https:\/\/www.facebook.com\/sidcley.brasil?__cft__[0]=AZWNyh65sAHP2y520WAZusglG8vkFQ_t5R0Ih_CkL9Iz0wXv1S-L1qZqIW5QZsUgmV2z9fV-2UCRHrLZDUGqS5GvwcIxzF0Nekm8T5-1srbkiSYLw52izi-N9uTygwXzgas&amp;__tn__=-]K-R\">Sidcley Brasil<\/a>, tive o privil\u00e9gio de participar nesta manh\u00e3 de um encontro com os vereadores eleitos para a pr\u00f3xima legislatura. Foi um momento de integra\u00e7\u00e3o e troca de experi\u00eancias, onde fomos recebidos com muito carinho e respeito pelo anfitri\u00e3o.<\/p>\n\n\n\n<p>Parab\u00e9ns Presidente @Sidcley pela iniciativa, onde a uni\u00e3o e fortalecimento de la\u00e7os entre todos os pares, certamente promover\u00e1 um mandato coletivo exitoso em prol da nossa querida popula\u00e7\u00e3o de Nova Alvorada do Sul.<\/p>\n","protected":false},"excerpt":{"rendered":"<p>Em atendimento ao convite do amigo e Presidente da C\u00e2mara de Vereadores Sidcley Brasil, tive o privil\u00e9gio de participar nesta<\/p>\n","protected":false},"author":1,"featured_media":8277,"comment_status":"open","ping_status":"open","sticky":false,"template":"","format":"standard","meta":{"footnotes":""},"categories":[2],"tags":[],"class_list":["post-8276","post","type-post","status-publish","format-standard","has-post-thumbnail","hentry","category-noticias"],"_links":{"self":[{"href":"https:\/\/jornaloalvorada.com.br\/site\/wp-json\/wp\/v2\/posts\/8276","targetHints":{"allow":["GET"]}}],"collection":[{"href":"https:\/\/jornaloalvorada.com.br\/site\/wp-json\/wp\/v2\/posts"}],"about":[{"href":"https:\/\/jornaloalvorada.com.br\/site\/wp-json\/wp\/v2\/types\/post"}],"author":[{"embeddable":true,"href":"https:\/\/jornaloalvorada.com.br\/site\/wp-json\/wp\/v2\/users\/1"}],"replies":[{"embeddable":true,"href":"https:\/\/jornaloalvorada.com.br\/site\/wp-json\/wp\/v2\/comments?post=8276"}],"version-history":[{"count":1,"href":"https:\/\/jornaloalvorada.com.br\/site\/wp-json\/wp\/v2\/posts\/8276\/revisions"}],"predecessor-version":[{"id":8278,"href":"https:\/\/jornaloalvorada.com.br\/site\/wp-json\/wp\/v2\/posts\/8276\/revisions\/8278"}],"wp:featuredmedia":[{"embeddable":true,"href":"https:\/\/jornaloalvorada.com.br\/site\/wp-json\/wp\/v2\/media\/8277"}],"wp:attachment":[{"href":"https:\/\/jornaloalvorada.com.br\/site\/wp-json\/wp\/v2\/media?parent=8276"}],"wp:term":[{"taxonomy":"category","embeddable":true,"href":"https:\/\/jornaloalvorada.com.br\/site\/wp-json\/wp\/v2\/categories?post=8276"},{"taxonomy":"post_tag","embeddable":true,"href":"https:\/\/jornaloalvorada.com.br\/site\/wp-json\/wp\/v2\/tags?post=8276"}],"curies":[{"name":"wp","href":"https:\/\/api.w.org\/{rel}","templated":true}]}}