{"id":8270,"date":"2024-11-13T09:56:35","date_gmt":"2024-11-13T13:56:35","guid":{"rendered":"https:\/\/jornaloalvorada.com.br\/site\/?p=8270"},"modified":"2024-11-13T09:56:38","modified_gmt":"2024-11-13T13:56:38","slug":"ex-alunos-da-rede-publica-estadual-de-ensino-contam-como-o-estudo-transformou-suas-vidas","status":"publish","type":"post","link":"https:\/\/jornaloalvorada.com.br\/site\/2024\/11\/13\/ex-alunos-da-rede-publica-estadual-de-ensino-contam-como-o-estudo-transformou-suas-vidas\/","title":{"rendered":"Ex-alunos da rede p\u00fablica estadual de ensino contam como o estudo transformou suas vidas"},"content":{"rendered":"\n<p>Dois ex-alunos da rede p\u00fablica de ensino estadual apontam que a Educa\u00e7\u00e3o \u00e9 um instrumento transformador de vidas e d\u00e3o um recado importante para pais e alunos.<\/p>\n\n\n\n<p>&#8220;Eu cresci ouvindo que temos de estudar para ser algu\u00e9m na vida. N\u00e3o \u00e9 f\u00e1cil, mas a base que tive no ensino p\u00fablico foi o que me colocou l\u00e1 dentro da Federal&#8221;, conta o estudante de Ci\u00eancias Econ\u00f4micas, da UFMS (Universidade Federal de Mato Grosso do Sul, Thiago Seg\u00f3via, de 26 anos.<\/p>\n\n\n\n<p>Morador do bairro S\u00e3o Conrado, em Campo Grande, Thiago revela que se preparou para o Enem por meio de um projeto de simulado preparat\u00f3rio, desde que entrou em 2015, na Escola Estadual Maria Constan\u00e7a Barros Machado.<\/p>\n\n\n\n<figure class=\"wp-block-image\" id=\"attachment_495324\"><a href=\"https:\/\/agenciadenoticias.ms.gov.br\/wp-content\/uploads\/2024\/11\/Thiago-Segovia-Foto-Bruno-Rezende-04-scaled.jpg\"><img decoding=\"async\" src=\"https:\/\/agenciadenoticias.ms.gov.br\/wp-content\/uploads\/2024\/11\/Thiago-Segovia-Foto-Bruno-Rezende-04-1024x683.jpg\" alt=\"\" class=\"wp-image-495324\"\/><\/a><figcaption class=\"wp-element-caption\">&#8220;O col\u00e9gio p\u00fablico tem um hist\u00f3rico muito grande de colocar alunos em universidades p\u00fablicas&#8221;, afirma Thiago<\/figcaption><\/figure>\n\n\n\n<p>Tendo em casa o exemplo de sua m\u00e3e, o jovem batalhador, passou ainda pela Escola Estadual Joaquim Murtinho, no per\u00edodo noturno.<\/p>\n\n\n\n<p>&#8220;De dia, eu fazia um est\u00e1gio no IBGE, mas em seguida consegui um emprego como jovem aprendiz nas \u00c1guas Guariroba. Minha m\u00e3e foi uma grande incentivadora nos meus estudos. Depois de muito tempo, ela conseguiu se formar em Servi\u00e7o Social, por meio do Fies, na Uniderp. Ela tinha um sonho de ser assistente social, e enquanto, eu cursava o ensino m\u00e9dio, ela terminava a faculdade. Trabalhava de dia e fazia o curso \u00e0 noite. Ela diz que a universidade abriu muito a sua mente e observei muito isso nela. Eu entrei na Universidade vendo o exemplo da minha m\u00e3e&#8221;, admite o ex-estudante da rede p\u00fablica de ensino.<\/p>\n\n\n\n<p>Antes de entrar na UFMS, em 2019, Thiago prestou o servi\u00e7o militar. Ele passou tamb\u00e9m para o curso de Ci\u00eancia Econ\u00f4micas da Universidade Federal de Vi\u00e7osa, em Minas Gerais. E recentemente, foi selecionado para o mestrado em Economia, na Universidade Federal da Bahia, e atualmente, trabalha na Funtrab (Funda\u00e7\u00e3o do Trabalho de Mato Grosso do Sul).<\/p>\n\n\n\n<p>&#8220;O col\u00e9gio p\u00fablico tem um hist\u00f3rico muito grande de colocar alunos em universidades p\u00fablicas. O que me colocou dentro da universidade foi minhas notas em Exatas, frequentando a escola p\u00fablica&#8221;. Ele entrou na UFMS com mais de 700 pontos no Enem.<\/p>\n\n\n\n<p>Emilenne Queiroz, de 18 anos, fez os tr\u00eas anos do ensino m\u00e9dio na Escola Estadual Maria Constan\u00e7a. Ela afirma que sempre estudou muito e tirou notas boas. &#8220;Mesmo tendo 1,80 de altura sempre gostei de sentar na frente da sala de aula. Sempre fui dedicada e me esfor\u00e7ei muito&#8221;.<\/p>\n\n\n\n<p>Emilenne aconselha os pais e alunos a darem aten\u00e7\u00e3o \u00e0 Educa\u00e7\u00e3o e ficarem atentos ao prazo das matr\u00edculas na rede p\u00fablica estadual de ensino.<\/p>\n\n\n\n<figure class=\"wp-block-image\" id=\"attachment_495328\"><a href=\"https:\/\/agenciadenoticias.ms.gov.br\/wp-content\/uploads\/2024\/11\/Emilenne-Queiroz-Foto-Bruno-Rezende-02-scaled.jpg\"><img decoding=\"async\" src=\"https:\/\/agenciadenoticias.ms.gov.br\/wp-content\/uploads\/2024\/11\/Emilenne-Queiroz-Foto-Bruno-Rezende-02-1024x683.jpg\" alt=\"\" class=\"wp-image-495328\"\/><\/a><figcaption class=\"wp-element-caption\">Emilenne apresentou ao governador Riedel a nova Escola Maria Constan\u00e7a, em abril de 2023<\/figcaption><\/figure>\n\n\n\n<p>&#8220;Para os pais, eu digo para motivarem seus filhos a perseguirem seus sonhos. \u00c9 f\u00e1cil demais fazer a matr\u00edcula. A escola d\u00e1 todo apoio e orienta\u00e7\u00f5es. Era s\u00f3 meu pai ir l\u00e1 e assinar um termo e eu estava rematriculada. Aos alunos, eu recomendo serem protagonistas de suas pr\u00f3prias hist\u00f3rias e n\u00e3o coadvantes&#8221;, afirma.<\/p>\n\n\n\n<p>A jovem est\u00e1 no primeiro ano do curso de Jornalismo da UFMS. Antes de entrar, ficou em d\u00favida entre o curso de Moda e o de Jornalismo.<\/p>\n\n\n\n<p>Moradora do bairro Piratininga, ela revela que os pais foram os grandes incentivadores para os estudos. Filha de um mototaxista e uma professora da rede p\u00fablica de ensino, a jovem \u00e9 apaixonada pela antiga escola que deixou e onde foi respons\u00e1vel por recepcionar o governador Eduardo Riedel na entrega da reforma geral da Escola Maria Constan\u00e7a, no bairro Amamba\u00ed.<\/p>\n\n\n\n<p>&#8220;Quando o Riedel foi l\u00e1 eu ainda estava em d\u00favida, e ele me perguntou o que eu queria seguir nos estudos. Eu respondi ser\u00e1 alguma coisa na \u00e1rea de linguagem. Quando o governador visitou a Escola, eu j\u00e1 tinha este dom de falar muito e conversar. Eu me senti amiga dele, meu &#8216;best'&#8221;, confidencia a jovem&#8221;.<\/p>\n\n\n<div class=\"wp-block-image\">\n<figure class=\"aligncenter\"><a href=\"https:\/\/agenciadenoticias.ms.gov.br\/wp-content\/uploads\/2023\/04\/Governador-Eduardo-Riedel-entrega-reforma-da-escola-Maria-Constan\u00e7a-de-Barros-Machado-Foto-\u00c1lvaro-Rezende12.jpg\"><img decoding=\"async\" src=\"https:\/\/agenciadenoticias.ms.gov.br\/wp-content\/uploads\/2023\/04\/Governador-Eduardo-Riedel-entrega-reforma-da-escola-Maria-Constan\u00e7a-de-Barros-Machado-Foto-\u00c1lvaro-Rezende12-1024x683.jpg\" alt=\"\" class=\"wp-image-433851\"\/><\/a><\/figure>\n<\/div>\n\n\n<p>Muito orgulhosa de ter ciceronado, em abril de 2023, o governador pelas novas instala\u00e7\u00f5es da EE Maria Constan\u00e7a, ela conta que obteve 920 pontos na reda\u00e7\u00e3o do Enem.<\/p>\n\n\n\n<p>&#8220;Eu ainda tenho saudades da Maria Constan\u00e7a, projetada pelo arquiteto Oscar Niemeyer. Os professores nos incentivam a perseguir nossos sonhos. Eu gostava de estudar l\u00e1, me sentia num castelo [de conto de fadas]. A minha Escola [Maria Constan\u00e7a] \u00e9 linda, lembra&#8221;.<\/p>\n\n\n\n<p>&#8220;Eu dou muita import\u00e2ncia \u00e0 educa\u00e7\u00e3o p\u00fablica, ainda mais quando o aluno vem de uma classe econ\u00f4mica mais baixa como eu. Eu observo que o ensino p\u00fablico tem v\u00e1rios projetos, professores qualificados para ajudar os alunos a ingressarem no ensino superior e ter uma rotina de estudo&#8221;, conclui hoje, a estudante de Jornalismo da UFMS.<\/p>\n\n\n\n<p><strong>Matr\u00edculas<\/strong><\/p>\n\n\n\n<p>Come\u00e7ou na segunda-feira (11) o per\u00edodo de pr\u00e9-matr\u00edculas da REE (Rede Estadual de Ensino) de Mato Grosso do Sul. Realizada de forma virtual, a etapa \u00e9 necess\u00e1ria para a reserva de vagas para os interessados em ingressar nas escolas estaduais sul-mato-grossense no ano letivo de 2025.<\/p>\n\n\n\n<p>Tradicionalmente iniciada no m\u00eas de novembro, a matr\u00edcula digital pode ser feita de tr\u00eas maneiras: pelo portal www.matriculadigital.ms.gov.br, pelos telefones 0800-647-0028 (fixo) e 3314-1212 (celular) ou de forma presencial na sede da Central de Matr\u00edculas, em Campo Grande, na rua Joaquim Murtinho, n\u00ba 2.612 \u2013 Itanhang\u00e1 Park.<\/p>\n\n\n\n<p>Ao todo, ser\u00e3o ofertadas 210 mil vagas dispon\u00edveis em 348 unidades escolares presentes em todos os munic\u00edpios de Mato Grosso do Sul, al\u00e9m de 120 extens\u00f5es. Hoje, a rede estadual \u00e9 respons\u00e1vel por atender mais de 190 mil estudantes<\/p>\n\n\n\n<p><em>Alexandre Gonzaga, Comunica\u00e7\u00e3o do Governo de MS<br><\/em><em>Fotos: Bruno Rezende<\/em><\/p>\n","protected":false},"excerpt":{"rendered":"<p>Dois ex-alunos da rede p\u00fablica de ensino estadual apontam que a Educa\u00e7\u00e3o \u00e9 um instrumento transformador de vidas e d\u00e3o<\/p>\n","protected":false},"author":1,"featured_media":8271,"comment_status":"open","ping_status":"open","sticky":false,"template":"","format":"standard","meta":{"footnotes":""},"categories":[2],"tags":[],"class_list":["post-8270","post","type-post","status-publish","format-standard","has-post-thumbnail","hentry","category-noticias"],"_links":{"self":[{"href":"https:\/\/jornaloalvorada.com.br\/site\/wp-json\/wp\/v2\/posts\/8270","targetHints":{"allow":["GET"]}}],"collection":[{"href":"https:\/\/jornaloalvorada.com.br\/site\/wp-json\/wp\/v2\/posts"}],"about":[{"href":"https:\/\/jornaloalvorada.com.br\/site\/wp-json\/wp\/v2\/types\/post"}],"author":[{"embeddable":true,"href":"https:\/\/jornaloalvorada.com.br\/site\/wp-json\/wp\/v2\/users\/1"}],"replies":[{"embeddable":true,"href":"https:\/\/jornaloalvorada.com.br\/site\/wp-json\/wp\/v2\/comments?post=8270"}],"version-history":[{"count":1,"href":"https:\/\/jornaloalvorada.com.br\/site\/wp-json\/wp\/v2\/posts\/8270\/revisions"}],"predecessor-version":[{"id":8272,"href":"https:\/\/jornaloalvorada.com.br\/site\/wp-json\/wp\/v2\/posts\/8270\/revisions\/8272"}],"wp:featuredmedia":[{"embeddable":true,"href":"https:\/\/jornaloalvorada.com.br\/site\/wp-json\/wp\/v2\/media\/8271"}],"wp:attachment":[{"href":"https:\/\/jornaloalvorada.com.br\/site\/wp-json\/wp\/v2\/media?parent=8270"}],"wp:term":[{"taxonomy":"category","embeddable":true,"href":"https:\/\/jornaloalvorada.com.br\/site\/wp-json\/wp\/v2\/categories?post=8270"},{"taxonomy":"post_tag","embeddable":true,"href":"https:\/\/jornaloalvorada.com.br\/site\/wp-json\/wp\/v2\/tags?post=8270"}],"curies":[{"name":"wp","href":"https:\/\/api.w.org\/{rel}","templated":true}]}}