{"id":8262,"date":"2024-11-12T13:33:52","date_gmt":"2024-11-12T17:33:52","guid":{"rendered":"https:\/\/jornaloalvorada.com.br\/site\/?p=8262"},"modified":"2024-11-12T13:33:55","modified_gmt":"2024-11-12T17:33:55","slug":"maduro-afirma-que-lula-marcou-um-ponto-a-favor-ao-evitar-mencionar-a-venezuela","status":"publish","type":"post","link":"https:\/\/jornaloalvorada.com.br\/site\/2024\/11\/12\/maduro-afirma-que-lula-marcou-um-ponto-a-favor-ao-evitar-mencionar-a-venezuela\/","title":{"rendered":"Maduro afirma que Lula marcou &#8216;um ponto a favor&#8217; ao evitar mencionar a Venezuela"},"content":{"rendered":"\n<p>O ditador da Venezuela, Nicol\u00e1s Maduro, disse nesta segunda-feira (11) que o presidente brasileiro Luiz In\u00e1cio Lula da Silva (PT) marcou \u201cum ponto a favor\u201d ao n\u00e3o comentar a situa\u00e7\u00e3o pol\u00edtica no pa\u00eds vizinho durante uma entrevista \u00e0 RedeTV! na noite do \u00faltimo domingo (10).<\/p>\n\n\n\n<p>\u2013 Cada pa\u00eds tem que encontrar uma maneira de resolver seus assuntos, seus conflitos, seus problemas (\u2026) Parece-me que essa foi uma reflex\u00e3o s\u00e1bia de Lula, eu poderia dizer \u201cponto a favor\u201d de Lula \u2013 disse Maduro durante seu programa semanal de televis\u00e3o.<\/p>\n\n\n\n<p>E prosseguiu.<\/p>\n\n\n\n<p>\u2013 Estou de acordo com Lula (\u2026), o Brasil com suas institui\u00e7\u00f5es e sua din\u00e2mica nacional, soberana, e a Venezuela com nossas institui\u00e7\u00f5es e nossa din\u00e2mica soberana \u2013 declarou.<\/p>\n\n\n\n<p>Ao podcast PODK Liberados, exibido pela RedeTV! no domingo, Lula disse que Maduro \u00e9 um \u201cproblema\u201d da Venezuela, e n\u00e3o do Brasil, e que por isso n\u00e3o pode continuar se preocupando com a pol\u00edtica do pa\u00eds vizinho.<\/p>\n\n\n\n<p>Depois que o governo brasileiro vetou a entrada da Venezuela como membro associado do grupo Brics de pa\u00edses emergentes, autoridades venezuelanas criticaram uma suposta \u201cinterfer\u00eancia\u201d e chamaram seu embaixador em Bras\u00edlia para consultas.<\/p>\n\n\n\n<p>Desde que o Conselho Nacional Eleitoral venezuelano (CNE) declarou a vit\u00f3ria de Maduro nas elei\u00e7\u00f5es presidenciais de 28 de julho, que n\u00e3o \u00e9 reconhecida pela oposi\u00e7\u00e3o e por boa parte da comunidade internacional, Lula chegou a tentar mediar a situa\u00e7\u00e3o e pediu que as autoridades do pa\u00eds vizinho divulgassem os documentos comprobat\u00f3rios do resultado, sem sucesso.<\/p>\n\n\n\n<p><em>*EFE<\/em><\/p>\n\n\n\n<p><em>Fonte: Pleno News<\/em><\/p>\n","protected":false},"excerpt":{"rendered":"<p>O ditador da Venezuela, Nicol\u00e1s Maduro, disse nesta segunda-feira (11) que o presidente brasileiro Luiz In\u00e1cio Lula da Silva (PT)<\/p>\n","protected":false},"author":1,"featured_media":8263,"comment_status":"open","ping_status":"open","sticky":false,"template":"","format":"standard","meta":{"footnotes":""},"categories":[2],"tags":[],"class_list":["post-8262","post","type-post","status-publish","format-standard","has-post-thumbnail","hentry","category-noticias"],"_links":{"self":[{"href":"https:\/\/jornaloalvorada.com.br\/site\/wp-json\/wp\/v2\/posts\/8262","targetHints":{"allow":["GET"]}}],"collection":[{"href":"https:\/\/jornaloalvorada.com.br\/site\/wp-json\/wp\/v2\/posts"}],"about":[{"href":"https:\/\/jornaloalvorada.com.br\/site\/wp-json\/wp\/v2\/types\/post"}],"author":[{"embeddable":true,"href":"https:\/\/jornaloalvorada.com.br\/site\/wp-json\/wp\/v2\/users\/1"}],"replies":[{"embeddable":true,"href":"https:\/\/jornaloalvorada.com.br\/site\/wp-json\/wp\/v2\/comments?post=8262"}],"version-history":[{"count":1,"href":"https:\/\/jornaloalvorada.com.br\/site\/wp-json\/wp\/v2\/posts\/8262\/revisions"}],"predecessor-version":[{"id":8264,"href":"https:\/\/jornaloalvorada.com.br\/site\/wp-json\/wp\/v2\/posts\/8262\/revisions\/8264"}],"wp:featuredmedia":[{"embeddable":true,"href":"https:\/\/jornaloalvorada.com.br\/site\/wp-json\/wp\/v2\/media\/8263"}],"wp:attachment":[{"href":"https:\/\/jornaloalvorada.com.br\/site\/wp-json\/wp\/v2\/media?parent=8262"}],"wp:term":[{"taxonomy":"category","embeddable":true,"href":"https:\/\/jornaloalvorada.com.br\/site\/wp-json\/wp\/v2\/categories?post=8262"},{"taxonomy":"post_tag","embeddable":true,"href":"https:\/\/jornaloalvorada.com.br\/site\/wp-json\/wp\/v2\/tags?post=8262"}],"curies":[{"name":"wp","href":"https:\/\/api.w.org\/{rel}","templated":true}]}}