{"id":8259,"date":"2024-11-12T13:32:05","date_gmt":"2024-11-12T17:32:05","guid":{"rendered":"https:\/\/jornaloalvorada.com.br\/site\/?p=8259"},"modified":"2024-11-12T13:32:08","modified_gmt":"2024-11-12T17:32:08","slug":"victoria-lopes-conquista-3o-lugar-no-circuito-mundial-de-volei-de-praia-ao-lado-de-thamela-coradello","status":"publish","type":"post","link":"https:\/\/jornaloalvorada.com.br\/site\/2024\/11\/12\/victoria-lopes-conquista-3o-lugar-no-circuito-mundial-de-volei-de-praia-ao-lado-de-thamela-coradello\/","title":{"rendered":"Victoria Lopes conquista 3\u00ba lugar no Circuito Mundial de V\u00f4lei de Praia ao lado de Th\u00e2mela Coradello"},"content":{"rendered":"\n<p>Sul-mato-grossense Victoria Lopes conquista 3\u00ba lugar no Circuito Mundial de V\u00f4lei de Praia ao lado de Th\u00e2mela Coradello.<\/p>\n\n\n\n<p>No \u00faltimo domingo (10), a dupla brasileira formada pela sul-mato-grossense Victoria Lopes e Th\u00e2mela Coradello garantiu o 3\u00ba lugar no Circuito Mundial de V\u00f4lei de Praia, durante a etapa Elite 16, realizada no Rio de Janeiro. O evento marcou o retorno do torneio internacional \u00e0 Praia de Copacabana, um dos \u00edcones do esporte no Brasil, ap\u00f3s oito anos de aus\u00eancia.<\/p>\n\n\n\n<p>A conquista trouxe grande satisfa\u00e7\u00e3o para as atletas, especialmente devido ao peso hist\u00f3rico do local e ao desafio f\u00edsico imposto pelas intensas disputas. \u201cEstou muito feliz por conquistar essa medalha aqui, em Copacabana, que \u00e9 muito especial. A gente estava muito cansada, mas conseguimos\u201d, declarou Victoria Lopes ap\u00f3s a premia\u00e7\u00e3o.<\/p>\n\n\n\n<p>O desempenho da dupla brasileira foi celebrado por f\u00e3s e entusiastas do v\u00f4lei de praia, reafirmando a tradi\u00e7\u00e3o brasileira no esporte. A etapa Elite 16 \u00e9 uma das mais importantes do circuito, reunindo as melhores duplas do mundo em uma competi\u00e7\u00e3o de alto n\u00edvel.<\/p>\n","protected":false},"excerpt":{"rendered":"<p>Sul-mato-grossense Victoria Lopes conquista 3\u00ba lugar no Circuito Mundial de V\u00f4lei de Praia ao lado de Th\u00e2mela Coradello. No \u00faltimo<\/p>\n","protected":false},"author":1,"featured_media":8260,"comment_status":"open","ping_status":"open","sticky":false,"template":"","format":"standard","meta":{"footnotes":""},"categories":[3],"tags":[],"class_list":["post-8259","post","type-post","status-publish","format-standard","has-post-thumbnail","hentry","category-social"],"_links":{"self":[{"href":"https:\/\/jornaloalvorada.com.br\/site\/wp-json\/wp\/v2\/posts\/8259","targetHints":{"allow":["GET"]}}],"collection":[{"href":"https:\/\/jornaloalvorada.com.br\/site\/wp-json\/wp\/v2\/posts"}],"about":[{"href":"https:\/\/jornaloalvorada.com.br\/site\/wp-json\/wp\/v2\/types\/post"}],"author":[{"embeddable":true,"href":"https:\/\/jornaloalvorada.com.br\/site\/wp-json\/wp\/v2\/users\/1"}],"replies":[{"embeddable":true,"href":"https:\/\/jornaloalvorada.com.br\/site\/wp-json\/wp\/v2\/comments?post=8259"}],"version-history":[{"count":1,"href":"https:\/\/jornaloalvorada.com.br\/site\/wp-json\/wp\/v2\/posts\/8259\/revisions"}],"predecessor-version":[{"id":8261,"href":"https:\/\/jornaloalvorada.com.br\/site\/wp-json\/wp\/v2\/posts\/8259\/revisions\/8261"}],"wp:featuredmedia":[{"embeddable":true,"href":"https:\/\/jornaloalvorada.com.br\/site\/wp-json\/wp\/v2\/media\/8260"}],"wp:attachment":[{"href":"https:\/\/jornaloalvorada.com.br\/site\/wp-json\/wp\/v2\/media?parent=8259"}],"wp:term":[{"taxonomy":"category","embeddable":true,"href":"https:\/\/jornaloalvorada.com.br\/site\/wp-json\/wp\/v2\/categories?post=8259"},{"taxonomy":"post_tag","embeddable":true,"href":"https:\/\/jornaloalvorada.com.br\/site\/wp-json\/wp\/v2\/tags?post=8259"}],"curies":[{"name":"wp","href":"https:\/\/api.w.org\/{rel}","templated":true}]}}