{"id":8253,"date":"2024-11-12T08:28:54","date_gmt":"2024-11-12T12:28:54","guid":{"rendered":"https:\/\/jornaloalvorada.com.br\/site\/?p=8253"},"modified":"2024-11-12T08:28:57","modified_gmt":"2024-11-12T12:28:57","slug":"nova-lei-do-ipva-2025-garante-isencao-para-alguns-veja-se-voce-se-qualifica","status":"publish","type":"post","link":"https:\/\/jornaloalvorada.com.br\/site\/2024\/11\/12\/nova-lei-do-ipva-2025-garante-isencao-para-alguns-veja-se-voce-se-qualifica\/","title":{"rendered":"Nova lei do IPVA 2025 garante isen\u00e7\u00e3o para alguns; veja se voc\u00ea se qualifica"},"content":{"rendered":"\n<p>Em 2025, o estado de <a href=\"https:\/\/www.se.gov.br\/\" target=\"_blank\" rel=\"noreferrer noopener\">Sergipe<\/a> implementar\u00e1 mudan\u00e7as significativas no Imposto sobre a Propriedade de Ve\u00edculos Automotores (IPVA), com base na <a href=\"https:\/\/www.legisweb.com.br\/legislacao\/?id=462708#:~:text=Altera%2C%20acrescenta%20e%20revoga%20dispositivos,%C3%A2mbito%20do%20Estado%20de%20Sergipe.\" target=\"_blank\" rel=\"noreferrer noopener\">Lei n.\u00ba 9.517\/2024<\/a>. Essas altera\u00e7\u00f5es pretendem conceder isen\u00e7\u00f5es fiscais a grupos espec\u00edficos, com foco em pessoas com defici\u00eancia, refletindo um esfor\u00e7o para ajustar a carga tribut\u00e1ria \u00e0 realidade social do estado.<\/p>\n\n\n\n<p>Estas reformas n\u00e3o apenas oferecem um al\u00edvio financeiro, mas tamb\u00e9m destacam a busca por uma pol\u00edtica p\u00fablica mais inclusiva, capaz de atender melhor as necessidades dos cidad\u00e3os.<\/p>\n\n\n\n<h2 class=\"wp-block-heading\">Quem Ser\u00e3o os Principais Beneficiados pela Reforma do IPVA?<\/h2>\n\n\n\n<figure class=\"wp-block-image\"><img decoding=\"async\" src=\"https:\/\/terrabrasilnoticias.com\/wp-content\/uploads\/2024\/11\/ipva_1730449065132-1024x576.jpg\" alt=\"Cr\u00e9ditos: depositphotos.com \/ joasouza\"\/><figcaption class=\"wp-element-caption\">Confira os crit\u00e9rios para a inse\u00e7\u00e3o do IPVA \u2013 Cr\u00e9ditos: depositphotos.com \/ joasouza<\/figcaption><\/figure>\n\n\n\n<p>A nova legisla\u00e7\u00e3o de <strong>Sergipe<\/strong> far\u00e1 com que indiv\u00edduos portadores de defici\u00eancias f\u00edsicas, visuais ou intelectuais tenham acesso a isen\u00e7\u00f5es fiscais. Para participar deste programa, \u00e9 necess\u00e1rio que os requerentes possuam ve\u00edculos cujo valor de mercado obede\u00e7a ao teto estabelecido na tabela FIPE, n\u00e3o ultrapassando <strong>R$ 120 mil<\/strong>.<\/p>\n\n\n\n<p>Estimativas indicam que aproximadamente <strong>4.200 propriet\u00e1rios ser\u00e3o beneficiados<\/strong>, mostrando um direcionamento claro para assistir aqueles economicamente mais vulner\u00e1veis.<\/p>\n\n\n\n<h2 class=\"wp-block-heading\">Como Realizar a Solicita\u00e7\u00e3o da Isen\u00e7\u00e3o?<\/h2>\n\n\n\n<p>Para pleitear a isen\u00e7\u00e3o do <a href=\"https:\/\/terrabrasilnoticias.com\/2024\/11\/sua-moto-esta-isenta-com-a-nova-lei-do-ipva-confira-os-criterios\/\" target=\"_blank\" rel=\"noreferrer noopener\">IPVA<\/a>, os interessados devem seguir um procedimento online, que foi simplificado para facilitar o acesso. Abaixo est\u00e3o os passos necess\u00e1rios para realizar a solicita\u00e7\u00e3o:<\/p>\n\n\n\n<ul class=\"wp-block-list\">\n<li><strong>Acessar a plataforma online:<\/strong> A solicita\u00e7\u00e3o deve ser feita atrav\u00e9s da plataforma da <strong>Secretaria da Fazenda<\/strong> do estado.<\/li>\n\n\n\n<li><strong>Anexar documentos exigidos:<\/strong> \u00c9 necess\u00e1rio enviar documentos que comprovem a condi\u00e7\u00e3o de defici\u00eancia, al\u00e9m dos registros do ve\u00edculo.<\/li>\n\n\n\n<li><strong>Efetuar o pagamento da taxa:<\/strong> Uma taxa de processamento \u00e9 exigida para o pedido ser avaliado.<\/li>\n\n\n\n<li><strong>Acompanhamento digital do processo:<\/strong> Todo o processo \u00e9 digital, o que permite acompanhar o andamento da solicita\u00e7\u00e3o de forma mais r\u00e1pida e pr\u00e1tica.<\/li>\n<\/ul>\n\n\n\n<p>Esse procedimento foi desenvolvido para tornar o processo mais \u00e1gil e diminuir a burocracia.<\/p>\n\n\n\n<h2 class=\"wp-block-heading\">Como Outras Regi\u00f5es Tratam a Isen\u00e7\u00e3o do IPVA?<\/h2>\n\n\n\n<p>O crit\u00e9rio para a isen\u00e7\u00e3o do IPVA varia entre os estados brasileiros, com algumas regi\u00f5es utilizando a idade do ve\u00edculo como refer\u00eancia. Por exemplo, no Amap\u00e1, ve\u00edculos com mais de 10 anos s\u00e3o isentos, enquanto no Esp\u00edrito Santo essa condi\u00e7\u00e3o aumenta para 15 anos. J\u00e1 em Minas Gerais, a isen\u00e7\u00e3o \u00e9 focada em ve\u00edculos hist\u00f3ricos, caracterizados pela placa preta.<\/p>\n\n\n\n<p>Este cen\u00e1rio refor\u00e7a a particularidade do modelo adotado por Sergipe, que inova ao centrar sua pol\u00edtica em crit\u00e9rios sociais espec\u00edficos, servindo possivelmente de inspira\u00e7\u00e3o para outros estados.<\/p>\n\n\n\n<h2 class=\"wp-block-heading\">Impactos Potenciais das Mudan\u00e7as no IPVA em Sergipe<\/h2>\n\n\n\n<p>A redefini\u00e7\u00e3o do IPVA em Sergipe promete n\u00e3o apenas aliviar a carga para os contemplados, mas tamb\u00e9m estabelecer um precedente de pol\u00edtica inclusiva que pode reverberar em outras partes do pa\u00eds. A nova abordagem ajuda a criar um ambiente mais justo para propriet\u00e1rios de ve\u00edculos com necessidades especiais, destacando a import\u00e2ncia de pol\u00edticas fiscais din\u00e2micas e adapt\u00e1veis.<\/p>\n\n\n\n<p>Conforme Sergipe implementa essas mudan\u00e7as, existe uma expectativa de que tal modelo incentive discuss\u00f5es mais amplas sobre equidade fiscal em n\u00edvel nacional, encorajando outras regi\u00f5es a revisarem seus pr\u00f3prios crit\u00e9rios e procedimentos de isen\u00e7\u00e3o.<\/p>\n\n\n\n<p><em>Fonte: Terra Brasil Not\u00edcias<\/em><\/p>\n","protected":false},"excerpt":{"rendered":"<p>Em 2025, o estado de Sergipe implementar\u00e1 mudan\u00e7as significativas no Imposto sobre a Propriedade de Ve\u00edculos Automotores (IPVA), com base<\/p>\n","protected":false},"author":1,"featured_media":8254,"comment_status":"open","ping_status":"open","sticky":false,"template":"","format":"standard","meta":{"footnotes":""},"categories":[2],"tags":[],"class_list":["post-8253","post","type-post","status-publish","format-standard","has-post-thumbnail","hentry","category-noticias"],"_links":{"self":[{"href":"https:\/\/jornaloalvorada.com.br\/site\/wp-json\/wp\/v2\/posts\/8253","targetHints":{"allow":["GET"]}}],"collection":[{"href":"https:\/\/jornaloalvorada.com.br\/site\/wp-json\/wp\/v2\/posts"}],"about":[{"href":"https:\/\/jornaloalvorada.com.br\/site\/wp-json\/wp\/v2\/types\/post"}],"author":[{"embeddable":true,"href":"https:\/\/jornaloalvorada.com.br\/site\/wp-json\/wp\/v2\/users\/1"}],"replies":[{"embeddable":true,"href":"https:\/\/jornaloalvorada.com.br\/site\/wp-json\/wp\/v2\/comments?post=8253"}],"version-history":[{"count":1,"href":"https:\/\/jornaloalvorada.com.br\/site\/wp-json\/wp\/v2\/posts\/8253\/revisions"}],"predecessor-version":[{"id":8255,"href":"https:\/\/jornaloalvorada.com.br\/site\/wp-json\/wp\/v2\/posts\/8253\/revisions\/8255"}],"wp:featuredmedia":[{"embeddable":true,"href":"https:\/\/jornaloalvorada.com.br\/site\/wp-json\/wp\/v2\/media\/8254"}],"wp:attachment":[{"href":"https:\/\/jornaloalvorada.com.br\/site\/wp-json\/wp\/v2\/media?parent=8253"}],"wp:term":[{"taxonomy":"category","embeddable":true,"href":"https:\/\/jornaloalvorada.com.br\/site\/wp-json\/wp\/v2\/categories?post=8253"},{"taxonomy":"post_tag","embeddable":true,"href":"https:\/\/jornaloalvorada.com.br\/site\/wp-json\/wp\/v2\/tags?post=8253"}],"curies":[{"name":"wp","href":"https:\/\/api.w.org\/{rel}","templated":true}]}}