{"id":8250,"date":"2024-11-12T08:27:29","date_gmt":"2024-11-12T12:27:29","guid":{"rendered":"https:\/\/jornaloalvorada.com.br\/site\/?p=8250"},"modified":"2024-11-12T08:27:32","modified_gmt":"2024-11-12T12:27:32","slug":"com-citricultura-em-expansao-producao-de-gigante-do-setor-de-laranja-esta-em-pleno-vapor-em-ms","status":"publish","type":"post","link":"https:\/\/jornaloalvorada.com.br\/site\/2024\/11\/12\/com-citricultura-em-expansao-producao-de-gigante-do-setor-de-laranja-esta-em-pleno-vapor-em-ms\/","title":{"rendered":"Com citricultura em expans\u00e3o, produ\u00e7\u00e3o de gigante do setor de laranja est\u00e1 em pleno vapor em MS"},"content":{"rendered":"\n<p>Com foco na gera\u00e7\u00e3o de empregos e no desenvolvimento regional,&nbsp; a citricultura est\u00e1 em expans\u00e3o no Mato Grosso do Sul. Nesta segunda-feira (11) o Grupo Cutrale, gigante mundial do setor de de laranja, apresentou ao governador Eduardo Riedel a primeira fase da sua produ\u00e7\u00e3o em Sidrol\u00e2ndia, que j\u00e1 est\u00e1 em pleno vapor. O projeto prev\u00ea plantio de quase 5 mil hectares (laranja).<\/p>\n\n\n\n<p>O encontro ocorreu na Fazenda Aracoara, situada entre Sidrol\u00e2ndia e Campo Grande (BR-060). Al\u00e9m de conhecer o projeto, o governador tamb\u00e9m visitou a \u00e1rea experimental de 120 hectares que j\u00e1 est\u00e1 em plena produ\u00e7\u00e3o de laranja. Ao todo ser\u00e3o investidos R$ 500 milh\u00f5es pelo grupo empresarial.<\/p>\n\n\n\n<p>\u201cEstamos aqui na fazenda da Cutrale onde est\u00e3o sendo plantadas os pomares de laranja, que v\u00e3o chegar a quase 5 mil hectares. Um projeto audacioso, que alavanca uma nova atividade aqui no Mato Grosso do Sul. Na sequ\u00eancia disto certamente vamos avan\u00e7ar para industrializa\u00e7\u00e3o no setor\u201d, afirmou o governador.<\/p>\n\n\n\n<figure class=\"wp-block-image\"><a href=\"https:\/\/agenciadenoticias.ms.gov.br\/foto-alvaro-rezende-25-6\/\"><img decoding=\"async\" src=\"https:\/\/agenciadenoticias.ms.gov.br\/wp-content\/uploads\/2024\/11\/Foto-Alvaro-Rezende-25-1-1024x683.jpg\" alt=\"\"\/><\/a><\/figure>\n\n\n\n<figure class=\"wp-block-image\"><a href=\"https:\/\/agenciadenoticias.ms.gov.br\/foto-alvaro-rezende-7-11\/\"><img decoding=\"async\" src=\"https:\/\/agenciadenoticias.ms.gov.br\/wp-content\/uploads\/2024\/11\/Foto-Alvaro-Rezende-7-1-1024x683.jpg\" alt=\"\"\/><\/a><\/figure>\n\n\n\n<figure class=\"wp-block-image\"><a href=\"https:\/\/agenciadenoticias.ms.gov.br\/foto-alvaro-rezende-10-14\/\"><img decoding=\"async\" src=\"https:\/\/agenciadenoticias.ms.gov.br\/wp-content\/uploads\/2024\/11\/Foto-Alvaro-Rezende-10-2-1024x683.jpg\" alt=\"\"\/><\/a><\/figure>\n\n\n\n<p>Riedel destacou que esta cadeia produtiva vai gerar empregos e renda \u00e0s pessoas. \u201cPodemos acompanhar hoje aqui o plantio e ver tantas pessoas capacitadas e treinadas para trabalhar neste plantio. Estamos com uma nova divisa de prosperidade em Mato Grosso do Sul. Ficamos felizes com a confian\u00e7a dos produtores em investir aqui. Hoje j\u00e1 vamos para quase 30 mil hectares de laranja plantados no Estado\u201d.<\/p>\n\n\n\n<p>O Grupo (Cutrale) estava produzindo de forma experimental h\u00e1 cinco anos em uma \u00e1rea de 120 hectares. Neste momento j\u00e1 foi executado 25% do projeto, gerando atualmente 200 empregos. Quando iniciar a nova fase vai chegar a 570 (empregos).<\/p>\n\n\n\n<p>A expectativa \u00e9 que em abril de 2026 a fazenda tenha 4,8 mil hectares plantados. Quando o pomar atingir 8 anos tem estimativa de produ\u00e7\u00e3o de 8 milh\u00f5es de caixas de laranja por ano. O investimento previsto \u00e9 de R$ 500 milh\u00f5es no projeto, podendo chegar a R$ 1 bilh\u00e3o.<\/p>\n\n\n\n<figure class=\"wp-block-image\"><a href=\"https:\/\/agenciadenoticias.ms.gov.br\/foto-alvaro-rezende-18-6\/\"><img decoding=\"async\" src=\"https:\/\/agenciadenoticias.ms.gov.br\/wp-content\/uploads\/2024\/11\/Foto-Alvaro-Rezende-18-1-1024x683.jpg\" alt=\"\"\/><\/a><\/figure>\n\n\n\n<figure class=\"wp-block-image\"><a href=\"https:\/\/agenciadenoticias.ms.gov.br\/foto-alvaro-rezende-16-7\/\"><img decoding=\"async\" src=\"https:\/\/agenciadenoticias.ms.gov.br\/wp-content\/uploads\/2024\/11\/Foto-Alvaro-Rezende-16-1-1024x683.jpg\" alt=\"\"\/><\/a><\/figure>\n\n\n\n<figure class=\"wp-block-image\"><a href=\"https:\/\/agenciadenoticias.ms.gov.br\/foto-alvaro-rezende-14-6\/\"><img decoding=\"async\" src=\"https:\/\/agenciadenoticias.ms.gov.br\/wp-content\/uploads\/2024\/11\/Foto-Alvaro-Rezende-14-1-1024x683.jpg\" alt=\"\"\/><\/a><\/figure>\n\n\n\n<figure class=\"wp-block-image\"><a href=\"https:\/\/agenciadenoticias.ms.gov.br\/foto-alvaro-rezende-24-5\/\"><img decoding=\"async\" src=\"https:\/\/agenciadenoticias.ms.gov.br\/wp-content\/uploads\/2024\/11\/Foto-Alvaro-Rezende-24-1-1024x683.jpg\" alt=\"\"\/><\/a><\/figure>\n\n\n\n<p><strong>Nova cadeia produtiva&nbsp;<\/strong><\/p>\n\n\n\n<p>Al\u00e9m do Grupo Cutrale, outros produtores de laranja j\u00e1 anunciaram novos investimentos no Mato Grosso do Sul, entre eles o Agro Terena em Bataguassu, que vai plantar em 1,2 mil hectares, assim como o Grupo Junqueira Rodas, que come\u00e7ou em abril o projeto de citricultura em Parana\u00edba, com a inten\u00e7\u00e3o de plantar em 1.500 hectares.<\/p>\n\n\n\n<p>Na semana passada foi a vez do Grupo Moreira Sales anunciar investimento de R$ 1,2 bilh\u00e3o no Estado, iniciando o plantio de laranja ainda este ano na \u00e1rea que fica em Ribas do Rio Pardo, pr\u00f3ximo ao munic\u00edpio de \u00c1gua Clara. A meta \u00e9 colher 8 milh\u00f5es de caixas da fruta, assim como gerar 1,2 mil empregos diretos e 2,4 mil indiretos.&nbsp;<\/p>\n\n\n\n<p>Mato Grosso do Sul se tornou o novo \u201ccintur\u00e3o citr\u00edcola\u201d do Brasil devido ao bom ambiente de neg\u00f3cios, condi\u00e7\u00f5es fitossanit\u00e1rias adequadas e uma legisla\u00e7\u00e3o r\u00edgida de controle de doen\u00e7as, principalmente contra a amea\u00e7a da \u201cgreening\u201d, que afetou pomares de todo mundo, assim como do maior produtor nacional, o Estado de S\u00e3o Paulo.<\/p>\n\n\n\n<figure class=\"wp-block-image\" id=\"attachment_495849\"><a href=\"https:\/\/agenciadenoticias.ms.gov.br\/wp-content\/uploads\/2024\/11\/Foto-Alvaro-Rezende-28-1-scaled.jpg\"><img decoding=\"async\" src=\"https:\/\/agenciadenoticias.ms.gov.br\/wp-content\/uploads\/2024\/11\/Foto-Alvaro-Rezende-28-1-1024x683.jpg\" alt=\"\" class=\"wp-image-495849\"\/><\/a><figcaption class=\"wp-element-caption\"><em>Planta\u00e7\u00e3o do Grupo Cutrale em Sidrol\u00e2ndia<\/em><\/figcaption><\/figure>\n\n\n\n<p>O Governo do Mato Grosso do Sul faz a sua parte com investimentos robustos na \u00e1rea de infraestrutura e log\u00edstica, para facilitar o escoamento da produ\u00e7\u00e3o e melhorar os acessos em diferentes regi\u00f5es. Tamb\u00e9m contribui com apoio e media\u00e7\u00e3o no contato com \u00f3rg\u00e3os estaduais, entre elas na quest\u00e3o energ\u00e9tica.<\/p>\n\n\n\n<p>\u201cO Estado tem buscado a diversifica\u00e7\u00e3o da sua base de produ\u00e7\u00e3o. A Citricultura apareceu como uma grande alternativa. Para isto definimos uma legisla\u00e7\u00e3o sanit\u00e1ria extremamente r\u00edgida, para que tenhamos uma produ\u00e7\u00e3o saud\u00e1vel e conseguimos em curto espa\u00e7o de tempo trazer 30 mil hectares j\u00e1 captados, em diferentes munic\u00edpios\u201d, afirmou o secret\u00e1rio da Semadesc (Secretaria de Meio Ambiente, Desenvolvimento, Ci\u00eancia, Tecnologia e Inova\u00e7\u00e3o), Jaime Verruck.<\/p>\n\n\n\n<p>Na sua avalia\u00e7\u00e3o a citricultura j\u00e1 come\u00e7a a se consolidar em Mato Grosso do Sul. \u201cUma grande alternativa de produ\u00e7\u00e3o, de grandes investimentos e gera\u00e7\u00e3o de empregos. Quando chegarmos a 50 mil hectares (plantados) ser\u00e1 um processo natural a vinda de industrias neste setor. Neste momento estamos conhecendo esta cultura, definindo uma capacita\u00e7\u00e3o t\u00e9cnica para que outros produtores tamb\u00e9m entrem nesta grande alternativa de produ\u00e7\u00e3o\u201d.<\/p>\n\n\n\n<figure class=\"wp-block-image\"><a href=\"https:\/\/agenciadenoticias.ms.gov.br\/foto-alvaro-rezende-38-2\/\"><img decoding=\"async\" src=\"https:\/\/agenciadenoticias.ms.gov.br\/wp-content\/uploads\/2024\/11\/Foto-Alvaro-Rezende-38-1024x683.jpg\" alt=\"\"\/><\/a><\/figure>\n\n\n\n<figure class=\"wp-block-image\"><a href=\"https:\/\/agenciadenoticias.ms.gov.br\/foto-alvaro-rezende-33-2\/\"><img decoding=\"async\" src=\"https:\/\/agenciadenoticias.ms.gov.br\/wp-content\/uploads\/2024\/11\/Foto-Alvaro-Rezende-33-1024x683.jpg\" alt=\"\"\/><\/a><\/figure>\n\n\n\n<figure class=\"wp-block-image\"><a href=\"https:\/\/agenciadenoticias.ms.gov.br\/foto-alvaro-rezende-32-2\/\"><img decoding=\"async\" src=\"https:\/\/agenciadenoticias.ms.gov.br\/wp-content\/uploads\/2024\/11\/Foto-Alvaro-Rezende-32-1024x683.jpg\" alt=\"\"\/><\/a><\/figure>\n\n\n\n<p><em>Leonardo Rocha, Comunica\u00e7\u00e3o do Governo de MS<\/em><br><em>Fotos: \u00c1lvaro Rezende<\/em><\/p>\n","protected":false},"excerpt":{"rendered":"<p>Com foco na gera\u00e7\u00e3o de empregos e no desenvolvimento regional,&nbsp; a citricultura est\u00e1 em expans\u00e3o no Mato Grosso do Sul.<\/p>\n","protected":false},"author":1,"featured_media":8251,"comment_status":"open","ping_status":"open","sticky":false,"template":"","format":"standard","meta":{"footnotes":""},"categories":[2],"tags":[],"class_list":["post-8250","post","type-post","status-publish","format-standard","has-post-thumbnail","hentry","category-noticias"],"_links":{"self":[{"href":"https:\/\/jornaloalvorada.com.br\/site\/wp-json\/wp\/v2\/posts\/8250","targetHints":{"allow":["GET"]}}],"collection":[{"href":"https:\/\/jornaloalvorada.com.br\/site\/wp-json\/wp\/v2\/posts"}],"about":[{"href":"https:\/\/jornaloalvorada.com.br\/site\/wp-json\/wp\/v2\/types\/post"}],"author":[{"embeddable":true,"href":"https:\/\/jornaloalvorada.com.br\/site\/wp-json\/wp\/v2\/users\/1"}],"replies":[{"embeddable":true,"href":"https:\/\/jornaloalvorada.com.br\/site\/wp-json\/wp\/v2\/comments?post=8250"}],"version-history":[{"count":1,"href":"https:\/\/jornaloalvorada.com.br\/site\/wp-json\/wp\/v2\/posts\/8250\/revisions"}],"predecessor-version":[{"id":8252,"href":"https:\/\/jornaloalvorada.com.br\/site\/wp-json\/wp\/v2\/posts\/8250\/revisions\/8252"}],"wp:featuredmedia":[{"embeddable":true,"href":"https:\/\/jornaloalvorada.com.br\/site\/wp-json\/wp\/v2\/media\/8251"}],"wp:attachment":[{"href":"https:\/\/jornaloalvorada.com.br\/site\/wp-json\/wp\/v2\/media?parent=8250"}],"wp:term":[{"taxonomy":"category","embeddable":true,"href":"https:\/\/jornaloalvorada.com.br\/site\/wp-json\/wp\/v2\/categories?post=8250"},{"taxonomy":"post_tag","embeddable":true,"href":"https:\/\/jornaloalvorada.com.br\/site\/wp-json\/wp\/v2\/tags?post=8250"}],"curies":[{"name":"wp","href":"https:\/\/api.w.org\/{rel}","templated":true}]}}