{"id":8218,"date":"2024-11-08T14:17:37","date_gmt":"2024-11-08T18:17:37","guid":{"rendered":"https:\/\/jornaloalvorada.com.br\/site\/?p=8218"},"modified":"2024-11-08T14:17:40","modified_gmt":"2024-11-08T18:17:40","slug":"transcine-leva-cinema-gratuito-a-nova-alvorada-do-sul-com-o-projeto-vizinhanca-na-praca","status":"publish","type":"post","link":"https:\/\/jornaloalvorada.com.br\/site\/2024\/11\/08\/transcine-leva-cinema-gratuito-a-nova-alvorada-do-sul-com-o-projeto-vizinhanca-na-praca\/","title":{"rendered":"TransCine leva cinema gratuito a Nova Alvorada do Sul com o projeto \u2018Vizinhan\u00e7a na Pra\u00e7a\u2019"},"content":{"rendered":"\n<p>Neste s\u00e1bado (9), Nova Alvorada do Sul recebe uma iniciativa cultural especial: o projeto \u201cVizinhan\u00e7a na Pra\u00e7a\u201d, que transforma a Concha Ac\u00fastica do Parque Nelson Terer\u00e9 em uma sala de cinema ao ar livre. A partir das 19 horas, o p\u00fablico poder\u00e1 desfrutar de uma sele\u00e7\u00e3o de filmes brasileiros, com direito a pipoca gratuita, em uma experi\u00eancia que promete emocionar e divertir pessoas de todas as idades.<\/p>\n\n\n\n<p>O \u201cVizinhan\u00e7a na Pra\u00e7a\u201d \u00e9 financiado pela LPG (Lei Paulo Gustavo), uma iniciativa do Minist\u00e9rio da Cultura e do Governo Federal, em parceria com o Governo do Estado, por meio da FCMS (Funda\u00e7\u00e3o de Cultura) e Setesc *Secretaria de Estado de Turismo, Esporte e Cultura). O projeto visa democratizar o acesso \u00e0 cultura cinematogr\u00e1fica em cidades que n\u00e3o possuem salas de cinema.<\/p>\n\n\n\n<p>\u201cLevar o cinema at\u00e9 as cidades que n\u00e3o possuem salas de cinema \u00e9 uma forma de democratizar o acesso \u00e0 cultura e proporcionar momentos de lazer e reflex\u00e3o. Queremos que cada sess\u00e3o da TransCine seja uma oportunidade para as fam\u00edlias vivenciarem a magia do cinema e, claro, que as pessoas possam se reunir em torno da arte e da cultura\u201d afirma C\u00e1tia Santos, produtora audiovisual e uma das coordenadoras da TransCine.<\/p>\n\n\n\n<p>A programa\u00e7\u00e3o inclui t\u00edtulos como \u201cCurupira, O Her\u00f3i da Mata\u201d (anima\u00e7\u00e3o), de Gustavo Santana, \u201cArte pra Quem?\u201d (experimental), de Carlota Philippsen, \u201cToada\u201d (fic\u00e7\u00e3o), de Paulo Henrique Porto, e \u201cVamos Brincar?\u201d (document\u00e1rio), de Ramona Rodrigues. Esses filmes abordam temas variados que refletem a diversidade e riqueza do cinema brasileiro, promovendo um di\u00e1logo com o p\u00fablico sobre quest\u00f5es sociais, culturais e ambientais do pa\u00eds.<\/p>\n\n\n\n<p>Al\u00e9m de Nova Alvorada do Sul, o TransCine percorrer\u00e1 outras cidades, como Rochedo (15\/11), Ribas do Rio Pardo (23\/11), Sidrol\u00e2ndia (30\/11), encerrando o ciclo em Campo Grande (7\/12). O projeto j\u00e1 passou por Terenos e Jaraguari, proporcionando um circuito cinematogr\u00e1fico em v\u00e1rias regi\u00f5es do Mato Grosso do Sul, sempre com exibi\u00e7\u00f5es \u00e0s 19h. Em cada cidade, o p\u00fablico tem a oportunidade de assistir a quatro filmes selecionados de um total de 28 produ\u00e7\u00f5es regionais, incluindo document\u00e1rios, fic\u00e7\u00f5es e anima\u00e7\u00f5es, garantindo uma experi\u00eancia cinematogr\u00e1fica rica e envolvente.<\/p>\n\n\n\n<p>A comunidade de Nova Alvorada do Sul est\u00e1 convidada a prestigiar o cinema nacional e a celebrar o poder da arte em promover a conex\u00e3o e inspirar novas perspectivas. Para mais informa\u00e7\u00f5es sobre o projeto, acompanhe o Instagram da TransCine (<a href=\"https:\/\/www.instagram.com\/transcinecg\/\" target=\"_blank\" rel=\"noreferrer noopener\">@transcinecg<\/a>).<\/p>\n\n\n\n<p><strong>Servi\u00e7o<\/strong><\/p>\n\n\n\n<p>Projeto TransCine \u2013 Vizinhan\u00e7a na Pra\u00e7a<br>Data: s\u00e1bado, 9 de novembro de 2024<br>Hor\u00e1rio: a partir das 19h<br>Local: Concha Ac\u00fastica do Parque Nelson Terer\u00e9 &#8211; Av. Irineu de Souza Ara\u00fajo &#8211; Nova Alvorada do Sul<br>Entrada: gratuita<\/p>\n\n\n\n<p><em>Lucas Castro, Comunica\u00e7\u00e3o Setesc<\/em><br><em>*Com informa\u00e7\u00f5es da assessoria de imprensa da TransCine<\/em><br><em>Foto: Wedyn Pereira<\/em><\/p>\n","protected":false},"excerpt":{"rendered":"<p>Neste s\u00e1bado (9), Nova Alvorada do Sul recebe uma iniciativa cultural especial: o projeto \u201cVizinhan\u00e7a na Pra\u00e7a\u201d, que transforma a<\/p>\n","protected":false},"author":1,"featured_media":8219,"comment_status":"open","ping_status":"open","sticky":false,"template":"","format":"standard","meta":{"footnotes":""},"categories":[2],"tags":[],"class_list":["post-8218","post","type-post","status-publish","format-standard","has-post-thumbnail","hentry","category-noticias"],"_links":{"self":[{"href":"https:\/\/jornaloalvorada.com.br\/site\/wp-json\/wp\/v2\/posts\/8218","targetHints":{"allow":["GET"]}}],"collection":[{"href":"https:\/\/jornaloalvorada.com.br\/site\/wp-json\/wp\/v2\/posts"}],"about":[{"href":"https:\/\/jornaloalvorada.com.br\/site\/wp-json\/wp\/v2\/types\/post"}],"author":[{"embeddable":true,"href":"https:\/\/jornaloalvorada.com.br\/site\/wp-json\/wp\/v2\/users\/1"}],"replies":[{"embeddable":true,"href":"https:\/\/jornaloalvorada.com.br\/site\/wp-json\/wp\/v2\/comments?post=8218"}],"version-history":[{"count":1,"href":"https:\/\/jornaloalvorada.com.br\/site\/wp-json\/wp\/v2\/posts\/8218\/revisions"}],"predecessor-version":[{"id":8220,"href":"https:\/\/jornaloalvorada.com.br\/site\/wp-json\/wp\/v2\/posts\/8218\/revisions\/8220"}],"wp:featuredmedia":[{"embeddable":true,"href":"https:\/\/jornaloalvorada.com.br\/site\/wp-json\/wp\/v2\/media\/8219"}],"wp:attachment":[{"href":"https:\/\/jornaloalvorada.com.br\/site\/wp-json\/wp\/v2\/media?parent=8218"}],"wp:term":[{"taxonomy":"category","embeddable":true,"href":"https:\/\/jornaloalvorada.com.br\/site\/wp-json\/wp\/v2\/categories?post=8218"},{"taxonomy":"post_tag","embeddable":true,"href":"https:\/\/jornaloalvorada.com.br\/site\/wp-json\/wp\/v2\/tags?post=8218"}],"curies":[{"name":"wp","href":"https:\/\/api.w.org\/{rel}","templated":true}]}}