{"id":8207,"date":"2024-11-08T07:58:34","date_gmt":"2024-11-08T11:58:34","guid":{"rendered":"https:\/\/jornaloalvorada.com.br\/site\/?p=8207"},"modified":"2024-11-08T07:58:36","modified_gmt":"2024-11-08T11:58:36","slug":"como-a-reeleicao-de-trump-pode-afetar-a-relacao-com-bolsonaro","status":"publish","type":"post","link":"https:\/\/jornaloalvorada.com.br\/site\/2024\/11\/08\/como-a-reeleicao-de-trump-pode-afetar-a-relacao-com-bolsonaro\/","title":{"rendered":"Como a reelei\u00e7\u00e3o de Trump pode afetar a rela\u00e7\u00e3o com Bolsonaro?"},"content":{"rendered":"\n<p>A recente vit\u00f3ria de Donald Trump nas elei\u00e7\u00f5es para a presid\u00eancia dos <a href=\"https:\/\/terrabrasilnoticias.com\/2024\/11\/donald-trump-e-reeleito-presidente-dos-estados-unidos\/\" target=\"_blank\" rel=\"noreferrer noopener\">Estados Unidos <\/a>trouxe um novo f\u00f4lego aos aliados de Jair Bolsonaro no Brasil. A expectativa entre os bolsonaristas \u00e9 que as mudan\u00e7as no cen\u00e1rio pol\u00edtico americano possam repercutir no sistema jur\u00eddico brasileiro, especialmente nas decis\u00f5es do Supremo Tribunal Federal (<a href=\"https:\/\/portal.stf.jus.br\/\" target=\"_blank\" rel=\"noreferrer noopener\">STF<\/a>). Os aliados de Bolsonaro acreditam que haver\u00e1 um aumento nas press\u00f5es para que ele possa disputar novamente as elei\u00e7\u00f5es presidenciais de 2026.<\/p>\n\n\n\n<p>Essa percep\u00e7\u00e3o est\u00e1 ancorada na ideia de que a nova configura\u00e7\u00e3o pol\u00edtica nos EUA, com Trump \u00e0 frente, poderia inspirar ou mesmo influenciar diretamente o STF a conceder uma anistia ao ex-presidente Bolsonaro. Essas articula\u00e7\u00f5es pol\u00edticas demonstram como os acontecimentos em um pa\u00eds podem impactar decis\u00f5es e movimentos pol\u00edticos em outra na\u00e7\u00e3o, intensificando debates internos sobre direitos pol\u00edticos e quest\u00e3o de elegibilidade.<\/p>\n\n\n\n<h2 class=\"wp-block-heading\">Como a Vit\u00f3ria de Trump Impacta Bolsonaro?<\/h2>\n\n\n\n<p>Donald Trump e Jair Bolsonaro compartilham um hist\u00f3rico de alian\u00e7as e ideologias similares, fortalecendo a vis\u00e3o entre os apoiadores de Bolsonaro de que a volta de Trump ao comando dos Estados Unidos pode representar uma oportunidade para reabilita\u00e7\u00e3o pol\u00edtica do ex-presidente brasileiro. <a href=\"https:\/\/terrabrasilnoticias.com\/2024\/11\/donald-trump-chama-elon-musk-de-genio-em-discurso-e-agradece-ao-empresario\/\" target=\"_blank\" rel=\"noreferrer noopener\">Elon Musk<\/a>, um dos apoiantes proeminentes de Trump, tamb\u00e9m \u00e9 visto como uma figura importante nesse cen\u00e1rio de press\u00e3o sobre o STF, uma vez que j\u00e1 manifestou cr\u00edticas ao sistema judicial brasileiro, especialmente ao ministro Alexandre de Moraes.<\/p>\n\n\n\n<p>O contexto de apoio internacional pode fortalecer campanhas e articula\u00e7\u00f5es internas favor\u00e1veis a Bolsonaro, incentivando discuss\u00f5es sobre anistias ou ajustes legais que reabilitem seus direitos pol\u00edticos. O Congresso brasileiro, portanto, poderia se tornar um palco crucial para essas discuss\u00f5es, especialmente se houver alinhamento e respaldo de influ\u00eancias externas em apoio a essas mudan\u00e7as.<\/p>\n\n\n\n<figure class=\"wp-block-image\"><img decoding=\"async\" src=\"https:\/\/terrabrasilnoticias.com\/wp-content\/uploads\/2024\/11\/trump-bolsonaro_1730988749483-1024x576.jpg\" alt=\"Cr\u00e9ditos: depositphotos.com \/ HakanGider\"\/><figcaption class=\"wp-element-caption\">Iustra\u00e7\u00e3o de Trump e Bolsonaro \u2013 Cr\u00e9ditos: depositphotos.com \/ HakanGider<\/figcaption><\/figure>\n\n\n\n<h2 class=\"wp-block-heading\">Quais S\u00e3o os Poss\u00edveis Cen\u00e1rios para o STF?<\/h2>\n\n\n\n<p>Com a vit\u00f3ria de Trump, h\u00e1 especula\u00e7\u00f5es sobre como o STF poder\u00e1 responder \u00e0s press\u00f5es internas e externas. Atualmente, h\u00e1 uma percep\u00e7\u00e3o de que a corte pode n\u00e3o ser capaz de resistir a essas influ\u00eancias, sobretudo se essas vierem acompanhadas de medidas concretas, como san\u00e7\u00f5es ou restri\u00e7\u00f5es que afetem diretamente o Brasil. O risco de retalia\u00e7\u00f5es econ\u00f4micas ou pol\u00edticas pode servir como um elemento de persuas\u00e3o para que o STF adote uma postura mais flex\u00edvel em rela\u00e7\u00e3o a anistias pol\u00edticas.<\/p>\n\n\n\n<p>Al\u00e9m disso, existe um temor de que essas press\u00f5es possam levar a um ambiente de instabilidade judicial, onde as decis\u00f5es sejam tomadas mais em fun\u00e7\u00e3o de press\u00f5es externas do que a partir de an\u00e1lises independentes e imparciais. Esse cen\u00e1rio poderia moldar n\u00e3o apenas a atua\u00e7\u00e3o do STF, mas tamb\u00e9m a maneira como o Congresso brasileiro legisla sobre quest\u00f5es de direitos pol\u00edticos.<\/p>\n\n\n\n<h2 class=\"wp-block-heading\">O Futuro da Pol\u00edtica Brasileira Frente \u00e0s Mudan\u00e7as Globais<\/h2>\n\n\n\n<p>O impacto da vit\u00f3ria de Donald Trump nas pr\u00f3ximas decis\u00f5es sobre Jair Bolsonaro sublinha a interconectividade entre pol\u00edticas dom\u00e9sticas e internacionais. \u00c0 medida que o Brasil navega por essas \u00e1guas pol\u00edticas complexas, a quest\u00e3o central recair\u00e1 sobre como seus principais \u00f3rg\u00e3os de justi\u00e7a e pol\u00edtica responder\u00e3o a essas press\u00f5es, garantindo que os interesses nacionais prevale\u00e7am de maneira equilibrada.<\/p>\n\n\n\n<p>Seja como for, o caso de Bolsonaro serve tamb\u00e9m como um estudo sobre a resili\u00eancia das institui\u00e7\u00f5es democr\u00e1ticas brasileiras e sua capacidade de resistir a influ\u00eancias externas, mantendo a integridade do sistema legal e pol\u00edtico. O futuro mostrar\u00e1 quais caminhos o Brasil percorrer\u00e1 e como suas institui\u00e7\u00f5es se reafirmar\u00e3o diante desse panorama evolutivo.<\/p>\n\n\n\n<p><strong><em>Fonte: Terra Brasil Not\u00edcias<\/em><\/strong><\/p>\n","protected":false},"excerpt":{"rendered":"<p>A recente vit\u00f3ria de Donald Trump nas elei\u00e7\u00f5es para a presid\u00eancia dos Estados Unidos trouxe um novo f\u00f4lego aos aliados<\/p>\n","protected":false},"author":1,"featured_media":8208,"comment_status":"open","ping_status":"open","sticky":false,"template":"","format":"standard","meta":{"footnotes":""},"categories":[2],"tags":[],"class_list":["post-8207","post","type-post","status-publish","format-standard","has-post-thumbnail","hentry","category-noticias"],"_links":{"self":[{"href":"https:\/\/jornaloalvorada.com.br\/site\/wp-json\/wp\/v2\/posts\/8207","targetHints":{"allow":["GET"]}}],"collection":[{"href":"https:\/\/jornaloalvorada.com.br\/site\/wp-json\/wp\/v2\/posts"}],"about":[{"href":"https:\/\/jornaloalvorada.com.br\/site\/wp-json\/wp\/v2\/types\/post"}],"author":[{"embeddable":true,"href":"https:\/\/jornaloalvorada.com.br\/site\/wp-json\/wp\/v2\/users\/1"}],"replies":[{"embeddable":true,"href":"https:\/\/jornaloalvorada.com.br\/site\/wp-json\/wp\/v2\/comments?post=8207"}],"version-history":[{"count":1,"href":"https:\/\/jornaloalvorada.com.br\/site\/wp-json\/wp\/v2\/posts\/8207\/revisions"}],"predecessor-version":[{"id":8209,"href":"https:\/\/jornaloalvorada.com.br\/site\/wp-json\/wp\/v2\/posts\/8207\/revisions\/8209"}],"wp:featuredmedia":[{"embeddable":true,"href":"https:\/\/jornaloalvorada.com.br\/site\/wp-json\/wp\/v2\/media\/8208"}],"wp:attachment":[{"href":"https:\/\/jornaloalvorada.com.br\/site\/wp-json\/wp\/v2\/media?parent=8207"}],"wp:term":[{"taxonomy":"category","embeddable":true,"href":"https:\/\/jornaloalvorada.com.br\/site\/wp-json\/wp\/v2\/categories?post=8207"},{"taxonomy":"post_tag","embeddable":true,"href":"https:\/\/jornaloalvorada.com.br\/site\/wp-json\/wp\/v2\/tags?post=8207"}],"curies":[{"name":"wp","href":"https:\/\/api.w.org\/{rel}","templated":true}]}}