{"id":8201,"date":"2024-11-07T13:49:46","date_gmt":"2024-11-07T17:49:46","guid":{"rendered":"https:\/\/jornaloalvorada.com.br\/site\/?p=8201"},"modified":"2024-11-07T13:49:48","modified_gmt":"2024-11-07T17:49:48","slug":"maduro-recua-e-decide-parabenizar-trump-pela-vitoria-nos-eua","status":"publish","type":"post","link":"https:\/\/jornaloalvorada.com.br\/site\/2024\/11\/07\/maduro-recua-e-decide-parabenizar-trump-pela-vitoria-nos-eua\/","title":{"rendered":"Maduro recua e decide parabenizar Trump pela vit\u00f3ria nos EUA"},"content":{"rendered":"\n<p>Nessa quarta (6\/11), o l\u00edder da Venezuela, Nicol\u00e1s Maduro, tem adotado uma postura p\u00fablica mais amena em rela\u00e7\u00e3o ao presidente eleito dos Estados Unidos, Donald Trump. Este posicionamento surpreendeu muitos, visto o hist\u00f3rico de tensas rela\u00e7\u00f5es diplom\u00e1ticas durante o primeiro mandato de <a href=\"https:\/\/terrabrasilnoticias.com\/2024\/11\/bolsonaro-revela-que-pedira-ao-stf-permissao-para-participar-da-posse-de-trump\/\" target=\"_blank\" rel=\"noreferrer noopener\">Trump<\/a>, quando ele aplicou severas san\u00e7\u00f5es contra a administra\u00e7\u00e3o venezuelana.<\/p>\n\n\n\n<p>Diante desse cen\u00e1rio, Maduro expressou um desejo de permitir que este novo per\u00edodo nas rela\u00e7\u00f5es internacionais seja marcado por um renascimento cooperativo entre as duas na\u00e7\u00f5es. Essa atitude \u00e9 vista como uma tentativa de supera\u00e7\u00e3o dos desafios vividos anteriormente, especialmente durante os anos de administra\u00e7\u00e3o do Partido Republicano na Casa Branca.<\/p>\n\n\n\n<h2 class=\"wp-block-heading\">Quais s\u00e3o as San\u00e7\u00f5es e Impactos no Governo Maduro?<\/h2>\n\n\n\n<p>As duras san\u00e7\u00f5es impostas pelos Estados Unidos \u00e0 Venezuela desempenharam um papel crucial em esgar\u00e7ar ainda mais as tens\u00f5es entre as duas na\u00e7\u00f5es. Essas medidas direcionadas foram aplicadas em resposta a den\u00fancias de corrup\u00e7\u00e3o e viola\u00e7\u00f5es de direitos humanos ocorridas sob a gest\u00e3o de Maduro. Como resultado, a discord\u00e2ncia pol\u00edtica transformou-se em um bloqueio econ\u00f4mico que afetou gravemente a economia venezuelana.<\/p>\n\n\n\n<p>Durante o mandato de Joe Biden, algumas dessas san\u00e7\u00f5es foram temporariamente suspensas, sob a condi\u00e7\u00e3o de que elei\u00e7\u00f5es livres fossem realizadas na Venezuela. No entanto, acusa\u00e7\u00f5es de fraude nas elei\u00e7\u00f5es mais recentes frustraram essas expectativas, levando os EUA a restabelecerem as medidas restritivas.<\/p>\n\n\n\n<h2 class=\"wp-block-heading\">O Que Esperar do Novo Governo Trump?<\/h2>\n\n\n\n<p>Com a vit\u00f3ria de Donald Trump nas elei\u00e7\u00f5es de 2024, surge a quest\u00e3o de qual ser\u00e1 a nova abordagem dos Estados Unidos em rela\u00e7\u00e3o \u00e0 Venezuela. Apesar da tentativa de Maduro de suavizar o tom em seus discursos, especula-se sobre a continuidade de pol\u00edticas rigorosas por parte do governo Trump, especialmente em resposta \u00e0 falta de cumprimento de promessas por parte da lideran\u00e7a venezuelana.<\/p>\n\n\n\n<p>Alguns analistas sugerem que a mudan\u00e7a no cen\u00e1rio pol\u00edtico dos EUA pode ser mais representativa do que fundamental, visando reposicionar o pa\u00eds e sua rela\u00e7\u00e3o estrat\u00e9gica com a Am\u00e9rica Latina. Observadores internacionais est\u00e3o atentos \u00e0 forma como os compromissos atuais podem impactar os interesses regionais e globais.<\/p>\n\n\n\n<h2 class=\"wp-block-heading\">Como Outros L\u00edderes Reagem \u00e0 Nova Cen\u00e1rio?<\/h2>\n\n\n\n<figure class=\"wp-block-image\"><img decoding=\"async\" src=\"https:\/\/terrabrasilnoticias.com\/wp-content\/uploads\/2024\/08\/01-705-1024x609.jpg\" alt=\"\"\/><figcaption class=\"wp-element-caption\">Lula \/ \u00a9 Marcelo Camargo\/Ag\u00eancia Brasil<\/figcaption><\/figure>\n\n\n\n<p>N\u00e3o apenas a Venezuela expressou suas considera\u00e7\u00f5es face \u00e0 elei\u00e7\u00e3o de Trump; pa\u00edses como o Brasil tamb\u00e9m tomaram nota significativa das mudan\u00e7as pol\u00edticas em jogo. O presidente brasileiro, Luiz In\u00e1cio Lula da Silva, por exemplo, tamb\u00e9m enviou suas congratula\u00e7\u00f5es a Trump, demonstrando um reconhecimento pragm\u00e1tico das novas realidades geopol\u00edticas.<\/p>\n\n\n\n<p>Al\u00e9m disso, l\u00edderes de todo o mundo avaliam como essa nova fase nas rela\u00e7\u00f5es EUA-Venezuela poder\u00e1 impactar as alian\u00e7as internacionais e a governan\u00e7a global. Um olhar atento continua a ser dado \u00e0 negocia\u00e7\u00e3o em busca de equil\u00edbrio entre as pot\u00eancias.<\/p>\n\n\n\n<p>\u00c0 medida que novas diretrizes de pol\u00edtica externa s\u00e3o definidas, permanece a quest\u00e3o de se presenciar\u00e1 um recome\u00e7o genu\u00edno ou uma continuidade das tens\u00f5es entre Venezuela e Estados Unidos. O futuro dessas rela\u00e7\u00f5es depender\u00e1 das decis\u00f5es estrat\u00e9gicas de ambos os l\u00edderes, al\u00e9m da capacidade de navegarem pelas complexas \u00e1guas da diplomacia internacional.<\/p>\n\n\n\n<p><strong><em>Fonte: Terra Brasil Not\u00edcias<\/em><\/strong><\/p>\n\n\n\n<p><\/p>\n","protected":false},"excerpt":{"rendered":"<p>Nessa quarta (6\/11), o l\u00edder da Venezuela, Nicol\u00e1s Maduro, tem adotado uma postura p\u00fablica mais amena em rela\u00e7\u00e3o ao presidente<\/p>\n","protected":false},"author":1,"featured_media":8202,"comment_status":"open","ping_status":"open","sticky":false,"template":"","format":"standard","meta":{"footnotes":""},"categories":[2],"tags":[],"class_list":["post-8201","post","type-post","status-publish","format-standard","has-post-thumbnail","hentry","category-noticias"],"_links":{"self":[{"href":"https:\/\/jornaloalvorada.com.br\/site\/wp-json\/wp\/v2\/posts\/8201","targetHints":{"allow":["GET"]}}],"collection":[{"href":"https:\/\/jornaloalvorada.com.br\/site\/wp-json\/wp\/v2\/posts"}],"about":[{"href":"https:\/\/jornaloalvorada.com.br\/site\/wp-json\/wp\/v2\/types\/post"}],"author":[{"embeddable":true,"href":"https:\/\/jornaloalvorada.com.br\/site\/wp-json\/wp\/v2\/users\/1"}],"replies":[{"embeddable":true,"href":"https:\/\/jornaloalvorada.com.br\/site\/wp-json\/wp\/v2\/comments?post=8201"}],"version-history":[{"count":1,"href":"https:\/\/jornaloalvorada.com.br\/site\/wp-json\/wp\/v2\/posts\/8201\/revisions"}],"predecessor-version":[{"id":8203,"href":"https:\/\/jornaloalvorada.com.br\/site\/wp-json\/wp\/v2\/posts\/8201\/revisions\/8203"}],"wp:featuredmedia":[{"embeddable":true,"href":"https:\/\/jornaloalvorada.com.br\/site\/wp-json\/wp\/v2\/media\/8202"}],"wp:attachment":[{"href":"https:\/\/jornaloalvorada.com.br\/site\/wp-json\/wp\/v2\/media?parent=8201"}],"wp:term":[{"taxonomy":"category","embeddable":true,"href":"https:\/\/jornaloalvorada.com.br\/site\/wp-json\/wp\/v2\/categories?post=8201"},{"taxonomy":"post_tag","embeddable":true,"href":"https:\/\/jornaloalvorada.com.br\/site\/wp-json\/wp\/v2\/tags?post=8201"}],"curies":[{"name":"wp","href":"https:\/\/api.w.org\/{rel}","templated":true}]}}