{"id":8196,"date":"2024-11-07T13:44:27","date_gmt":"2024-11-07T17:44:27","guid":{"rendered":"https:\/\/jornaloalvorada.com.br\/site\/?p=8196"},"modified":"2024-11-07T13:46:32","modified_gmt":"2024-11-07T17:46:32","slug":"prefeitura-realiza-colacao-de-grau-e-entrega-de-certificados-de-alunos-que-concluiram-cursos-tecnicos-profissionalizantes","status":"publish","type":"post","link":"https:\/\/jornaloalvorada.com.br\/site\/2024\/11\/07\/prefeitura-realiza-colacao-de-grau-e-entrega-de-certificados-de-alunos-que-concluiram-cursos-tecnicos-profissionalizantes\/","title":{"rendered":"Prefeitura realiza cola\u00e7\u00e3o de grau e entrega de certificados de alunos que conclu\u00edram cursos t\u00e9cnicos profissionalizantes"},"content":{"rendered":"\n<p>A Prefeitura Municipal realizou, na noite desta quarta-feira, a cerim\u00f4nia de Cola\u00e7\u00e3o de Grau e Entrega de Certificados dos alunos que conclu\u00edram os cursos t\u00e9cnicos profissionalizantes oferecidos atrav\u00e9s da Secretaria Municipal de Educa\u00e7\u00e3o, em parceria com o Instituto Federal de Mato Grosso do Sul (IFMS).<\/p>\n\n\n\n<p>Os cursos formados nesta etapa foram:<\/p>\n\n\n\n<p><img loading=\"lazy\" decoding=\"async\" height=\"16\" width=\"16\" alt=\"\u2705\" src=\"https:\/\/static.xx.fbcdn.net\/images\/emoji.php\/v9\/t33\/1\/16\/2705.png\"> T\u00e9cnico em Manuten\u00e7\u00e3o e Suporte em Inform\u00e1tica<\/p>\n\n\n\n<p><img loading=\"lazy\" decoding=\"async\" height=\"16\" width=\"16\" alt=\"\u2705\" src=\"https:\/\/static.xx.fbcdn.net\/images\/emoji.php\/v9\/t33\/1\/16\/2705.png\"> T\u00e9cnico em Administra\u00e7\u00e3o<\/p>\n\n\n\n<p>A solenidade contou com a presen\u00e7a de autoridades do IFMS, o Coordenador de Educa\u00e7\u00e3o \u00e0 Dist\u00e2ncia do Campus de Campo Grande e a Diretora do Centro de Refer\u00eancia em Tecnologias Educacionais e Educa\u00e7\u00e3o \u00e0 Dist\u00e2ncia, al\u00e9m de demais representantes do instituto, que vieram prestigiar esse momento especial.<\/p>\n\n\n\n<figure class=\"wp-block-image size-full\"><img loading=\"lazy\" decoding=\"async\" width=\"960\" height=\"540\" src=\"https:\/\/jornaloalvorada.com.br\/site\/wp-content\/uploads\/2024\/11\/465894873_870885775165548_3957282274935602323_n1.jpg\" alt=\"\" class=\"wp-image-8199\" srcset=\"https:\/\/jornaloalvorada.com.br\/site\/wp-content\/uploads\/2024\/11\/465894873_870885775165548_3957282274935602323_n1.jpg 960w, https:\/\/jornaloalvorada.com.br\/site\/wp-content\/uploads\/2024\/11\/465894873_870885775165548_3957282274935602323_n1-300x169.jpg 300w, https:\/\/jornaloalvorada.com.br\/site\/wp-content\/uploads\/2024\/11\/465894873_870885775165548_3957282274935602323_n1-768x432.jpg 768w\" sizes=\"auto, (max-width: 960px) 100vw, 960px\" \/><\/figure>\n\n\n\n<p>Al\u00e9m desses cursos, a Secretaria Municipal de Educa\u00e7\u00e3o (SEMED) tamb\u00e9m oferece, em parceria com o IFMS, outras capacita\u00e7\u00f5es profissionalizantes, tais como:<\/p>\n\n\n\n<p><img loading=\"lazy\" decoding=\"async\" height=\"16\" width=\"16\" alt=\"\ud83d\udc49\" src=\"https:\/\/static.xx.fbcdn.net\/images\/emoji.php\/v9\/t51\/1\/16\/1f449.png\">Vendedor<\/p>\n\n\n\n<p><img loading=\"lazy\" decoding=\"async\" height=\"16\" width=\"16\" alt=\"\ud83d\udc49\" src=\"https:\/\/static.xx.fbcdn.net\/images\/emoji.php\/v9\/t51\/1\/16\/1f449.png\">Log\u00edstica<\/p>\n\n\n\n<p><img loading=\"lazy\" decoding=\"async\" height=\"16\" width=\"16\" alt=\"\ud83d\udc49\" src=\"https:\/\/static.xx.fbcdn.net\/images\/emoji.php\/v9\/t51\/1\/16\/1f449.png\">Ingl\u00eas B\u00e1sico I e II<\/p>\n\n\n\n<p><img loading=\"lazy\" decoding=\"async\" height=\"16\" width=\"16\" alt=\"\ud83d\udc49\" src=\"https:\/\/static.xx.fbcdn.net\/images\/emoji.php\/v9\/t51\/1\/16\/1f449.png\">Espanhol<\/p>\n\n\n\n<p>\u00c9 a Educa\u00e7\u00e3o cumprindo seu papel no Plano Nacional da Educa\u00e7\u00e3o, promovendo oportunidades e qualificando os cidad\u00e3os de Nova Alvorada do Sul para o mercado de trabalho!<\/p>\n\n\n\n<p>Parab\u00e9ns a todos os formandos! Essa \u00e9 mais uma conquista importante em dire\u00e7\u00e3o ao sucesso profissional de cada um de voc\u00eas!<\/p>\n","protected":false},"excerpt":{"rendered":"<p>A Prefeitura Municipal realizou, na noite desta quarta-feira, a cerim\u00f4nia de Cola\u00e7\u00e3o de Grau e Entrega de Certificados dos alunos<\/p>\n","protected":false},"author":1,"featured_media":8197,"comment_status":"open","ping_status":"open","sticky":false,"template":"","format":"standard","meta":{"footnotes":""},"categories":[2],"tags":[],"class_list":["post-8196","post","type-post","status-publish","format-standard","has-post-thumbnail","hentry","category-noticias"],"_links":{"self":[{"href":"https:\/\/jornaloalvorada.com.br\/site\/wp-json\/wp\/v2\/posts\/8196","targetHints":{"allow":["GET"]}}],"collection":[{"href":"https:\/\/jornaloalvorada.com.br\/site\/wp-json\/wp\/v2\/posts"}],"about":[{"href":"https:\/\/jornaloalvorada.com.br\/site\/wp-json\/wp\/v2\/types\/post"}],"author":[{"embeddable":true,"href":"https:\/\/jornaloalvorada.com.br\/site\/wp-json\/wp\/v2\/users\/1"}],"replies":[{"embeddable":true,"href":"https:\/\/jornaloalvorada.com.br\/site\/wp-json\/wp\/v2\/comments?post=8196"}],"version-history":[{"count":2,"href":"https:\/\/jornaloalvorada.com.br\/site\/wp-json\/wp\/v2\/posts\/8196\/revisions"}],"predecessor-version":[{"id":8200,"href":"https:\/\/jornaloalvorada.com.br\/site\/wp-json\/wp\/v2\/posts\/8196\/revisions\/8200"}],"wp:featuredmedia":[{"embeddable":true,"href":"https:\/\/jornaloalvorada.com.br\/site\/wp-json\/wp\/v2\/media\/8197"}],"wp:attachment":[{"href":"https:\/\/jornaloalvorada.com.br\/site\/wp-json\/wp\/v2\/media?parent=8196"}],"wp:term":[{"taxonomy":"category","embeddable":true,"href":"https:\/\/jornaloalvorada.com.br\/site\/wp-json\/wp\/v2\/categories?post=8196"},{"taxonomy":"post_tag","embeddable":true,"href":"https:\/\/jornaloalvorada.com.br\/site\/wp-json\/wp\/v2\/tags?post=8196"}],"curies":[{"name":"wp","href":"https:\/\/api.w.org\/{rel}","templated":true}]}}