{"id":8192,"date":"2024-11-07T13:41:20","date_gmt":"2024-11-07T17:41:20","guid":{"rendered":"https:\/\/jornaloalvorada.com.br\/site\/?p=8192"},"modified":"2024-11-07T13:41:50","modified_gmt":"2024-11-07T17:41:50","slug":"aniversario-de-fabio-osorio","status":"publish","type":"post","link":"https:\/\/jornaloalvorada.com.br\/site\/2024\/11\/07\/aniversario-de-fabio-osorio\/","title":{"rendered":"Anivers\u00e1rio de F\u00e1bio Os\u00f3rio"},"content":{"rendered":"\n<p>NIVER-EMPLACANDO IDADE NOVA NESTA QUINTA FEIRA O7-11-FABIO OS\u00d3RIO-PARAB\u00c9NS!FELICIDADES!<\/p>\n\n\n\n<p><\/p>\n","protected":false},"excerpt":{"rendered":"<p>NIVER-EMPLACANDO IDADE NOVA NESTA QUINTA FEIRA O7-11-FABIO OS\u00d3RIO-PARAB\u00c9NS!FELICIDADES!<\/p>\n","protected":false},"author":1,"featured_media":8193,"comment_status":"open","ping_status":"open","sticky":false,"template":"","format":"standard","meta":{"footnotes":""},"categories":[3],"tags":[],"class_list":["post-8192","post","type-post","status-publish","format-standard","has-post-thumbnail","hentry","category-social"],"_links":{"self":[{"href":"https:\/\/jornaloalvorada.com.br\/site\/wp-json\/wp\/v2\/posts\/8192","targetHints":{"allow":["GET"]}}],"collection":[{"href":"https:\/\/jornaloalvorada.com.br\/site\/wp-json\/wp\/v2\/posts"}],"about":[{"href":"https:\/\/jornaloalvorada.com.br\/site\/wp-json\/wp\/v2\/types\/post"}],"author":[{"embeddable":true,"href":"https:\/\/jornaloalvorada.com.br\/site\/wp-json\/wp\/v2\/users\/1"}],"replies":[{"embeddable":true,"href":"https:\/\/jornaloalvorada.com.br\/site\/wp-json\/wp\/v2\/comments?post=8192"}],"version-history":[{"count":2,"href":"https:\/\/jornaloalvorada.com.br\/site\/wp-json\/wp\/v2\/posts\/8192\/revisions"}],"predecessor-version":[{"id":8195,"href":"https:\/\/jornaloalvorada.com.br\/site\/wp-json\/wp\/v2\/posts\/8192\/revisions\/8195"}],"wp:featuredmedia":[{"embeddable":true,"href":"https:\/\/jornaloalvorada.com.br\/site\/wp-json\/wp\/v2\/media\/8193"}],"wp:attachment":[{"href":"https:\/\/jornaloalvorada.com.br\/site\/wp-json\/wp\/v2\/media?parent=8192"}],"wp:term":[{"taxonomy":"category","embeddable":true,"href":"https:\/\/jornaloalvorada.com.br\/site\/wp-json\/wp\/v2\/categories?post=8192"},{"taxonomy":"post_tag","embeddable":true,"href":"https:\/\/jornaloalvorada.com.br\/site\/wp-json\/wp\/v2\/tags?post=8192"}],"curies":[{"name":"wp","href":"https:\/\/api.w.org\/{rel}","templated":true}]}}