{"id":8189,"date":"2024-11-07T08:51:37","date_gmt":"2024-11-07T12:51:37","guid":{"rendered":"https:\/\/jornaloalvorada.com.br\/site\/?p=8189"},"modified":"2024-11-07T08:51:39","modified_gmt":"2024-11-07T12:51:39","slug":"descubra-como-o-acai-se-tornou-a-fruta-oficial-do-brasil","status":"publish","type":"post","link":"https:\/\/jornaloalvorada.com.br\/site\/2024\/11\/07\/descubra-como-o-acai-se-tornou-a-fruta-oficial-do-brasil\/","title":{"rendered":"Descubra como o a\u00e7a\u00ed se tornou a fruta oficial do Brasil"},"content":{"rendered":"\n<p>O a\u00e7a\u00ed, uma pequena fruta roxa origin\u00e1ria da Amaz\u00f4nia, conquistou tanto a prefer\u00eancia nacional quanto internacional. Conhecido por seu sabor \u00fanico e perfil nutricional robusto, o a\u00e7a\u00ed transformou-se de um alimento b\u00e1sico regional em uma iguaria cobi\u00e7ada por consumidores em todo o mundo. Vamos explorar como essa fruta ex\u00f3tica chegou a ser um s\u00edmbolo da alimenta\u00e7\u00e3o saud\u00e1vel e da diversidade brasileira.<\/p>\n\n\n\n<p>A populariza\u00e7\u00e3o do a\u00e7a\u00ed come\u00e7ou nas regi\u00f5es Norte e Nordeste do Brasil, onde sempre foi parte integral da alimenta\u00e7\u00e3o de comunidades locais, como os ribeirinhos e povos ind\u00edgenas. Inicialmente, o a\u00e7a\u00ed era consumido com farinha e peixe, numa mistura rica em sabor e nutrientes. O cen\u00e1rio come\u00e7ou a mudar na d\u00e9cada de 1980, quando a fruta se expandiu para outras partes do pa\u00eds.<\/p>\n\n\n\n<h2 class=\"wp-block-heading\">Como o a\u00e7a\u00ed conquistou o Brasil?<\/h2>\n\n\n\n<p>Com a introdu\u00e7\u00e3o do a\u00e7a\u00ed no Sudeste do Brasil, um novo estilo de consumo emergiu. A fruta come\u00e7ou a ser servida com acompanhamentos doces, como frutas, granola e xarope de guaran\u00e1, transformando-se em uma sobremesa irresistivelmente nutritiva. Essa nova forma de consumo encontrou um p\u00fablico cativo entre aqueles que buscam um estilo de vida saud\u00e1vel, como atletas e jovens urbanos.<\/p>\n\n\n\n<figure class=\"wp-block-image\"><img decoding=\"async\" src=\"https:\/\/terrabrasilnoticias.com\/wp-content\/uploads\/2024\/11\/Acai_1730946031722-1024x576.jpg\" alt=\"\"\/><figcaption class=\"wp-element-caption\">A\u00e7a\u00ed \u2013 Cr\u00e9ditos: depositphotos.com \/ diogoppr<\/figcaption><\/figure>\n\n\n\n<p>A versatilidade do a\u00e7a\u00ed, aliada ao seu perfil rico em antioxidantes, fibras, vitaminas e gorduras saud\u00e1veis, o estabeleceu como um superalimento. Seu consumo frequente est\u00e1 associado a benef\u00edcios como melhora da imunidade e combate ao envelhecimento celular, consolidando a sua popularidade entre os adeptos de dietas equilibradas.<\/p>\n\n\n\n<h2 class=\"wp-block-heading\">Qual foi o impacto da internacionaliza\u00e7\u00e3o do a\u00e7a\u00ed?<\/h2>\n\n\n\n<p>Nos anos 2000, o a\u00e7a\u00ed atravessou fronteiras e ganhou popularidade em escala global, principalmente nos Estados Unidos, Europa e Jap\u00e3o. A crescente demanda internacional levou \u00e0 cria\u00e7\u00e3o dos \u201ca\u00e7a\u00ed bowls\u201d, tigelas cheias de a\u00e7a\u00ed, frutas e outros acompanhamentos saud\u00e1veis, que rapidamente se tornaram favoritas em redes de produtos naturais e caf\u00e9s especializados.<\/p>\n\n\n\n<figure class=\"wp-block-image\"><img decoding=\"async\" src=\"https:\/\/terrabrasilnoticias.com\/wp-content\/uploads\/2024\/11\/Acai_1730946190032-1024x576.jpg\" alt=\"\"\/><figcaption class=\"wp-element-caption\">A\u00e7a\u00ed ficou bem famoso com acompanhamentos como leite ninho ou leite condensado \u2013 Cr\u00e9ditos: depositphotos.com \/ flanovais<\/figcaption><\/figure>\n\n\n\n<p>O marketing focado na alimenta\u00e7\u00e3o saud\u00e1vel e as grandes exporta\u00e7\u00f5es foram cruciais para o sucesso internacional do a\u00e7a\u00ed. Atualmente, o fruto \u00e9 uma das estrelas do mercado de exporta\u00e7\u00e3o brasileiro, competindo com outras frutas tropicais e impulsionando a economia, especialmente na regi\u00e3o amaz\u00f4nica, de onde \u00e9 nativo.<\/p>\n\n\n\n<h2 class=\"wp-block-heading\">Quais s\u00e3o os benef\u00edcios culturais e econ\u00f4micos do a\u00e7a\u00ed?<\/h2>\n\n\n\n<p>O fen\u00f4meno do a\u00e7a\u00ed n\u00e3o \u00e9 apenas uma tend\u00eancia passageira; ele representa um impacto significativo tanto cultural quanto econ\u00f4mico. Economicamente, a exporta\u00e7\u00e3o do a\u00e7a\u00ed beneficiou a Amaz\u00f4nia, gerando empregos e alavancando um setor pr\u00f3spero. Culturamente, tornou-se um \u00edcone da identidade brasileira, destacando a biodiversidade e o conhecimento tradicional do pa\u00eds.<\/p>\n\n\n\n<p>O a\u00e7a\u00ed se transformou em mais que um alimento; \u00e9 um representante da riqueza natural do Brasil. Este fruto emblem\u00e1tico demonstra como a biodiversidade pode ser uma aliada no fortalecimento econ\u00f4mico e na promo\u00e7\u00e3o da cultura nacional ao redor do mundo.<\/p>\n\n\n\n<figure class=\"wp-block-image\"><img decoding=\"async\" src=\"https:\/\/terrabrasilnoticias.com\/wp-content\/uploads\/2024\/11\/Acai_1730946256767-1024x576.jpg\" alt=\"\"\/><figcaption class=\"wp-element-caption\">A\u00e7a\u00ed em sua forma natural em sacos \u2013 Cr\u00e9ditos: depositphotos.com \/ jbk-photography<\/figcaption><\/figure>\n\n\n\n<h2 class=\"wp-block-heading\">O futuro do a\u00e7a\u00ed no cen\u00e1rio global<\/h2>\n\n\n\n<p>O crescimento do mercado de a\u00e7a\u00ed aponta para um futuro promissor, tanto em termos de inova\u00e7\u00e3o de produtos quanto de sustentabilidade. Empresas e agricultores est\u00e3o cada vez mais voltados para pr\u00e1ticas que garantem a preserva\u00e7\u00e3o ambiental, assegurando que o a\u00e7a\u00ed continue dispon\u00edvel para as gera\u00e7\u00f5es futuras. Essa preocupa\u00e7\u00e3o fortalece a imagem do Brasil como lideran\u00e7a em recursos naturais sustent\u00e1veis e contribui para a preserva\u00e7\u00e3o da rica biodiversidade amaz\u00f4nica.<\/p>\n\n\n\n<p>\u00c0 medida que o mundo continua a buscar op\u00e7\u00f5es alimentares mais saud\u00e1veis e sustent\u00e1veis, o a\u00e7a\u00ed est\u00e1 bem posicionado para ser uma fruta do futuro, n\u00e3o apenas pelo seu sabor e qualidades nutricionais, mas tamb\u00e9m por seu papel na prote\u00e7\u00e3o ambiental e no desenvolvimento socioecon\u00f4mico.<\/p>\n\n\n\n<p><strong><em>Fonte: Terra Brasil Not\u00edcias<\/em><\/strong><\/p>\n","protected":false},"excerpt":{"rendered":"<p>O a\u00e7a\u00ed, uma pequena fruta roxa origin\u00e1ria da Amaz\u00f4nia, conquistou tanto a prefer\u00eancia nacional quanto internacional. Conhecido por seu sabor<\/p>\n","protected":false},"author":1,"featured_media":8190,"comment_status":"open","ping_status":"open","sticky":false,"template":"","format":"standard","meta":{"footnotes":""},"categories":[3],"tags":[],"class_list":["post-8189","post","type-post","status-publish","format-standard","has-post-thumbnail","hentry","category-social"],"_links":{"self":[{"href":"https:\/\/jornaloalvorada.com.br\/site\/wp-json\/wp\/v2\/posts\/8189","targetHints":{"allow":["GET"]}}],"collection":[{"href":"https:\/\/jornaloalvorada.com.br\/site\/wp-json\/wp\/v2\/posts"}],"about":[{"href":"https:\/\/jornaloalvorada.com.br\/site\/wp-json\/wp\/v2\/types\/post"}],"author":[{"embeddable":true,"href":"https:\/\/jornaloalvorada.com.br\/site\/wp-json\/wp\/v2\/users\/1"}],"replies":[{"embeddable":true,"href":"https:\/\/jornaloalvorada.com.br\/site\/wp-json\/wp\/v2\/comments?post=8189"}],"version-history":[{"count":1,"href":"https:\/\/jornaloalvorada.com.br\/site\/wp-json\/wp\/v2\/posts\/8189\/revisions"}],"predecessor-version":[{"id":8191,"href":"https:\/\/jornaloalvorada.com.br\/site\/wp-json\/wp\/v2\/posts\/8189\/revisions\/8191"}],"wp:featuredmedia":[{"embeddable":true,"href":"https:\/\/jornaloalvorada.com.br\/site\/wp-json\/wp\/v2\/media\/8190"}],"wp:attachment":[{"href":"https:\/\/jornaloalvorada.com.br\/site\/wp-json\/wp\/v2\/media?parent=8189"}],"wp:term":[{"taxonomy":"category","embeddable":true,"href":"https:\/\/jornaloalvorada.com.br\/site\/wp-json\/wp\/v2\/categories?post=8189"},{"taxonomy":"post_tag","embeddable":true,"href":"https:\/\/jornaloalvorada.com.br\/site\/wp-json\/wp\/v2\/tags?post=8189"}],"curies":[{"name":"wp","href":"https:\/\/api.w.org\/{rel}","templated":true}]}}