{"id":8186,"date":"2024-11-07T08:48:47","date_gmt":"2024-11-07T12:48:47","guid":{"rendered":"https:\/\/jornaloalvorada.com.br\/site\/?p=8186"},"modified":"2024-11-07T08:48:50","modified_gmt":"2024-11-07T12:48:50","slug":"pis-pasep-emite-comunicado-07-11-receba-ate-um-salario-minimo","status":"publish","type":"post","link":"https:\/\/jornaloalvorada.com.br\/site\/2024\/11\/07\/pis-pasep-emite-comunicado-07-11-receba-ate-um-salario-minimo\/","title":{"rendered":"PIS\/Pasep emite comunicado (07\/11): Receba at\u00e9 um sal\u00e1rio-m\u00ednimo!"},"content":{"rendered":"\n<p>O abono salarial <a href=\"https:\/\/terrabrasilnoticias.com\/2024\/11\/pis-pasep-2024-saiba-quem-tem-direito-ao-abono-salarial-de-r-1-412\/\" target=\"_blank\" rel=\"noreferrer noopener\">PIS\/Pasep<\/a> \u00e9 uma iniciativa governamental que busca complementar a renda de trabalhadores formais que atendem a determinados crit\u00e9rios. Este benef\u00edcio \u00e9 concedido anualmente e pode atingir o valor de um sal\u00e1rio-m\u00ednimo vigente, o que serve como um aux\u00edlio significativo para quem recebe at\u00e9 dois sal\u00e1rios m\u00ednimos mensais em m\u00e9dia.<\/p>\n\n\n\n<p>Dois programas financiam este abono: o PIS, destinado aos trabalhadores do setor privado, e o Pasep, voltado para servidores p\u00fablicos. Ambos os programas t\u00eam como objetivo oferecer suporte financeiro adicional aos trabalhadores, proporcionando maior estabilidade econ\u00f4mica.<\/p>\n\n\n\n<h2 class=\"wp-block-heading\">Quais s\u00e3o os crit\u00e9rios para receber o PIS\/Pasep?<\/h2>\n\n\n\n<figure class=\"wp-block-image\"><img decoding=\"async\" src=\"https:\/\/terrabrasilnoticias.com\/wp-content\/uploads\/2024\/08\/dinheiro-reais_1724885619526-1024x576.jpg\" alt=\"Novembro chegou: saiba quando e como receber seu BPC!\"\/><figcaption class=\"wp-element-caption\">Notas e moedas de reais brasileiros<\/figcaption><\/figure>\n\n\n\n<p>Para ter direito ao benef\u00edcio, alguns requisitos precisam ser cumpridos. Primeiramente, \u00e9 necess\u00e1rio que o trabalhador tenha registro no PIS\/Pasep por, no m\u00ednimo, cinco anos. Al\u00e9m disso, \u00e9 exigido que ele tenha exercido atividade remunerada, com carteira assinada, para uma Pessoa Jur\u00eddica durante pelo menos 30 dias no ano-base, seja de forma cont\u00ednua ou descont\u00ednua.<\/p>\n\n\n\n<p>Outro fator crucial \u00e9 que as informa\u00e7\u00f5es do trabalhador estejam corretamente registradas na <strong>RAIS <\/strong>(Rela\u00e7\u00e3o Anual de Informa\u00e7\u00f5es Sociais) ou no eSocial, de responsabilidade do empregador. O n\u00e3o preenchimento correto desses dados pode impedir o recebimento do abono.<\/p>\n\n\n\n<h2 class=\"wp-block-heading\">Como funciona o pagamento e as formas de recebimento?<\/h2>\n\n\n\n<p>O processo de pagamento do PIS\/Pasep \u00e9 administrado por institui\u00e7\u00f5es financeiras diferentes: a Caixa Econ\u00f4mica Federal cuida do PIS, enquanto o Banco do Brasil \u00e9 respons\u00e1vel pelo Pasep. As op\u00e7\u00f5es de recebimento abrangem diversos m\u00e9todos, proporcionando flexibilidade ao trabalhador.<\/p>\n\n\n\n<ul class=\"wp-block-list\">\n<li><strong>Cr\u00e9dito em conta:<\/strong> O valor pode ser creditado automaticamente se o benefici\u00e1rio tiver conta na Caixa ou no Banco do Brasil.<\/li>\n\n\n\n<li><strong>Conta Poupan\u00e7a Social Digital:<\/strong> A Caixa abre automaticamente essa conta, que pode ser acessada pelo aplicativo Caixa Tem.<\/li>\n\n\n\n<li><strong>Saque presencial:<\/strong> Dispon\u00edvel em caixas eletr\u00f4nicos, casas lot\u00e9ricas, ou diretamente nas ag\u00eancias banc\u00e1rias, mediante apresenta\u00e7\u00e3o de um documento de identifica\u00e7\u00e3o com foto.<\/li>\n<\/ul>\n\n\n\n<h2 class=\"wp-block-heading\">Qual \u00e9 o valor do abono salarial?<\/h2>\n\n\n\n<p>O valor do abono salarial do PIS\/Pasep varia conforme o n\u00famero de meses trabalhados no ano-base. Quem trabalhou durante todo o ano recebe o valor integral de um sal\u00e1rio-m\u00ednimo. A tabela abaixo ilustra o montante proporcional aos meses trabalhados:<\/p>\n\n\n\n<ul class=\"wp-block-list\">\n<li>1 m\u00eas trabalhado: R$ 118,00<\/li>\n\n\n\n<li>2 meses trabalhados: R$ 235,00<\/li>\n\n\n\n<li>At\u00e9 o valor total de R$ 1.412,00 para 12 meses de trabalho.<\/li>\n<\/ul>\n\n\n\n<h2 class=\"wp-block-heading\">Como consultar o direito ao abono e o que fazer em caso de problemas?<\/h2>\n\n\n\n<p>Os trabalhadores podem consultar o direito ao PIS\/Pasep por meio de diversas plataformas, como a Carteira de Trabalho Digital e o <a href=\"https:\/\/www.gov.br\/pt-br\" target=\"_blank\" rel=\"noreferrer noopener\">Portal Gov.br<\/a>. O atendimento telef\u00f4nico pelo n\u00famero 158 tamb\u00e9m oferece informa\u00e7\u00f5es \u00fateis.<\/p>\n\n\n\n<p>Se ocorrerem problemas no pagamento, como erros na RAIS\/eSocial ou pend\u00eancias cadastrais, \u00e9 importante verificar se todas as informa\u00e7\u00f5es pessoais est\u00e3o corretas. Em casos n\u00e3o resolvidos, o trabalhador pode considerar entrar com uma a\u00e7\u00e3o judicial para reivindicar o benef\u00edcio.<\/p>\n\n\n\n<p><strong><em>Fonte: Terra Brasil Not\u00edcias<\/em><\/strong><\/p>\n","protected":false},"excerpt":{"rendered":"<p>O abono salarial PIS\/Pasep \u00e9 uma iniciativa governamental que busca complementar a renda de trabalhadores formais que atendem a determinados<\/p>\n","protected":false},"author":1,"featured_media":8187,"comment_status":"open","ping_status":"open","sticky":false,"template":"","format":"standard","meta":{"footnotes":""},"categories":[2],"tags":[],"class_list":["post-8186","post","type-post","status-publish","format-standard","has-post-thumbnail","hentry","category-noticias"],"_links":{"self":[{"href":"https:\/\/jornaloalvorada.com.br\/site\/wp-json\/wp\/v2\/posts\/8186","targetHints":{"allow":["GET"]}}],"collection":[{"href":"https:\/\/jornaloalvorada.com.br\/site\/wp-json\/wp\/v2\/posts"}],"about":[{"href":"https:\/\/jornaloalvorada.com.br\/site\/wp-json\/wp\/v2\/types\/post"}],"author":[{"embeddable":true,"href":"https:\/\/jornaloalvorada.com.br\/site\/wp-json\/wp\/v2\/users\/1"}],"replies":[{"embeddable":true,"href":"https:\/\/jornaloalvorada.com.br\/site\/wp-json\/wp\/v2\/comments?post=8186"}],"version-history":[{"count":1,"href":"https:\/\/jornaloalvorada.com.br\/site\/wp-json\/wp\/v2\/posts\/8186\/revisions"}],"predecessor-version":[{"id":8188,"href":"https:\/\/jornaloalvorada.com.br\/site\/wp-json\/wp\/v2\/posts\/8186\/revisions\/8188"}],"wp:featuredmedia":[{"embeddable":true,"href":"https:\/\/jornaloalvorada.com.br\/site\/wp-json\/wp\/v2\/media\/8187"}],"wp:attachment":[{"href":"https:\/\/jornaloalvorada.com.br\/site\/wp-json\/wp\/v2\/media?parent=8186"}],"wp:term":[{"taxonomy":"category","embeddable":true,"href":"https:\/\/jornaloalvorada.com.br\/site\/wp-json\/wp\/v2\/categories?post=8186"},{"taxonomy":"post_tag","embeddable":true,"href":"https:\/\/jornaloalvorada.com.br\/site\/wp-json\/wp\/v2\/tags?post=8186"}],"curies":[{"name":"wp","href":"https:\/\/api.w.org\/{rel}","templated":true}]}}