{"id":8183,"date":"2024-11-07T08:32:47","date_gmt":"2024-11-07T12:32:47","guid":{"rendered":"https:\/\/jornaloalvorada.com.br\/site\/?p=8183"},"modified":"2024-11-07T08:32:49","modified_gmt":"2024-11-07T12:32:49","slug":"enem-2024-quase-10-mil-inscritos-tem-mais-de-60-anos","status":"publish","type":"post","link":"https:\/\/jornaloalvorada.com.br\/site\/2024\/11\/07\/enem-2024-quase-10-mil-inscritos-tem-mais-de-60-anos\/","title":{"rendered":"Enem 2024: quase 10 mil inscritos t\u00eam mais de 60 anos"},"content":{"rendered":"\n<p>O Exame Nacional do Ensino M\u00e9dio (Enem) de 2024 tem 9.950 participantes maiores de 60 anos, o que representa 0,23% do total de 4.325.960 inscri\u00e7\u00f5es confirmadas. O n\u00famero dessa faixa et\u00e1ria \u00e9 o maior desde 2020, quando houve o registro de 11.768 idosos inscritos \u00e0 \u00e9poca.&nbsp;<img decoding=\"async\" src=\"https:\/\/agenciabrasil.ebc.com.br\/ebc.png?id=1618631&amp;o=node\"><img decoding=\"async\" src=\"https:\/\/agenciabrasil.ebc.com.br\/ebc.gif?id=1618631&amp;o=node\"><\/p>\n\n\n\n<p>Nessa quarta-feira (6) o Instituto Nacional de Estudos e Pesquisas Educacionais An\u00edsio Teixeira (Inep), coordenador do exame nacional, divulgou dados comparativos de inscri\u00e7\u00f5es de 60+, desde 2015.<\/p>\n\n\n\n<p>N\u00famero de participantes<\/p>\n\n\n\n<p>\u00b7&nbsp;&nbsp;&nbsp;&nbsp;&nbsp;&nbsp;&nbsp;&nbsp; 2015: 10.685;<\/p>\n\n\n\n<p>\u00b7&nbsp;&nbsp;&nbsp;&nbsp;&nbsp;&nbsp;&nbsp;&nbsp; 2016: 13.021;<\/p>\n\n\n\n<p>\u00b7&nbsp;&nbsp;&nbsp;&nbsp;&nbsp;&nbsp;&nbsp;&nbsp; 2017: 9.619;<\/p>\n\n\n\n<p>\u00b7&nbsp;&nbsp;&nbsp;&nbsp;&nbsp;&nbsp;&nbsp;&nbsp; 2018: 9.704;<\/p>\n\n\n\n<p>\u00b7&nbsp;&nbsp;&nbsp;&nbsp;&nbsp;&nbsp;&nbsp;&nbsp; 2019: 8.259;<\/p>\n\n\n\n<p>\u00b7&nbsp;&nbsp;&nbsp;&nbsp;&nbsp;&nbsp;&nbsp;&nbsp; 2020: 11.768;<\/p>\n\n\n\n<p>\u00b7&nbsp;&nbsp;&nbsp;&nbsp;&nbsp;&nbsp;&nbsp;&nbsp; 2021: 6.004;<\/p>\n\n\n\n<p>\u00b7&nbsp;&nbsp;&nbsp;&nbsp;&nbsp;&nbsp;&nbsp;&nbsp; 2022: 5.900;<\/p>\n\n\n\n<p>\u00b7&nbsp;&nbsp;&nbsp;&nbsp;&nbsp;&nbsp;&nbsp;&nbsp; 2023: 8.531;<\/p>\n\n\n\n<p>\u00b7&nbsp;&nbsp;&nbsp;&nbsp;&nbsp;&nbsp;&nbsp;&nbsp; 2024: 9.950.<\/p>\n\n\n\n<p>O Minist\u00e9rio da Educa\u00e7\u00e3o (MEC) destaca que o aumento de pessoas idosas entre os candidatos do Enem e o ingresso na educa\u00e7\u00e3o superior acompanham a eleva\u00e7\u00e3o da expectativa e qualidade de vida dos brasileiros.<\/p>\n\n\n\n<p>De acordo com o <a href=\"https:\/\/www.ibge.gov.br\/estatisticas\/sociais\/trabalho\/22827-censo-demografico-2022.html\" target=\"_blank\" rel=\"noreferrer noopener\">Censo de 2022<\/a>, do Instituto Brasileiro de Geografia e Estat\u00edstica (IBGE), a quantidade de habitantes com 60 anos ou mais \u00e9 de 32,1 milh\u00f5es, enquanto em 2010 era de 20,5 milh\u00f5es.<\/p>\n\n\n\n<p>Na mesma linha de crescimento, o <a href=\"https:\/\/agenciabrasil.ebc.com.br\/educacao\/noticia\/2024-10\/com-quase-10-milhoes-numero-de-universitarios-e-o-maior-em-nove-anos\" target=\"_blank\" rel=\"noreferrer noopener\">Censo da Educa\u00e7\u00e3o Superior&nbsp;2023<\/a>, divulgado&nbsp;no \u00faltimo m\u00eas, registrou quase 10 milh\u00f5es (9.977.217) de matr\u00edculas nos cursos de gradua\u00e7\u00e3o e sequenciais de forma\u00e7\u00e3o espec\u00edfica&nbsp;\u2014&nbsp;presenciais e a dist\u00e2ncia. \u201cDesse total, 60.735 matr\u00edculas foram de estudantes com 60 anos ou mais. Quase metade dos alunos nessa faixa et\u00e1ria&nbsp;(30.692)&nbsp;ingressou&nbsp;no ensino superior em 2023\u201d, afirmou o MEC em nota.<\/p>\n\n\n\n<h2 class=\"wp-block-heading\">Demais faixas et\u00e1rias<\/h2>\n\n\n\n<p>O <a href=\"https:\/\/app.powerbi.com\/view?r=eyJrIjoiMjNkZWMxNjctNzViNS00N2VlLTkwMjctZDQwZDQ2MzE5ZGQzIiwidCI6IjI2ZjczODk3LWM4YWMtNGIxZS05NzhmLWVhNGMwNzc0MzRiZiJ9\" target=\"_blank\" rel=\"noreferrer noopener\">Painel Enem<\/a>, disponibilizado pelo Inep para acesso a dados dos 4,32 milh\u00f5es de candidatos&nbsp;confirmados no Enem 2024, mostra que no recorte por faixa et\u00e1ria dos candidatos,&nbsp;dos,&nbsp;2,9&nbsp;milh\u00f5es&nbsp;(67%)&nbsp;t\u00eam at\u00e9 18 anos; 420 mil (9,7%), entre 19 e 20 anos; 639 mil (14,8%), entre 21 e 30 anos;&nbsp;e 350 mil, (8,1%), entre 31 e 59 anos, al\u00e9m dos quase 10 mil (0,23%) com mais de 60 anos, j\u00e1 citados.&nbsp;<\/p>\n\n\n\n<h2 class=\"wp-block-heading\">Escolaridade<\/h2>\n\n\n\n<p>O Minist\u00e9rio da Educa\u00e7\u00e3o informa tamb\u00e9m que, dos quase 10 mil candidatos inscritos no Enem 2024 com mais de 60 anos, 558 ainda s\u00e3o estudantes do ensino m\u00e9dio da&nbsp;Educa\u00e7\u00e3o de Jovens e Adultos&nbsp;(EJA), modalidade da educa\u00e7\u00e3o b\u00e1sica voltada a pessoas com mais de 18 anos que n\u00e3o tiveram acesso \u00e0 educa\u00e7\u00e3o ou n\u00e3o conclu\u00edram na idade certa.<\/p>\n\n\n\n<p>O grupo mais representativo \u00e9 dos que j\u00e1 terminaram o ensino m\u00e9dio (1,8 milh\u00e3o). Os concluintes em 2024 s\u00e3o 1,6 milh\u00e3o dos inscritos.<\/p>\n\n\n\n<p>Entre os inscritos, h\u00e1 841.546&nbsp;(19,4%) estudantes do primeiro e do segundo ano do ensino m\u00e9dio e h\u00e1 outras 24.723 (0,6%)&nbsp;pessoas que n\u00e3o cursam&nbsp;nem completaram o ensino m\u00e9dio. Os candidatos desses dois \u00faltimos grupos s\u00e3o treineiros, as pessoas que fazem o&nbsp;Enem&nbsp;para testar seus conhecimentos, e os resultados obtidos no exame servem somente para autoavalia\u00e7\u00e3o de conhecimentos.<\/p>\n\n\n\n<p>O MEC explica que dados s\u00e3o autodeclarat\u00f3rios e foram fornecidos no ato de inscri\u00e7\u00e3o.<\/p>\n\n\n\n<h2 class=\"wp-block-heading\">Perfil dos inscritos<\/h2>\n\n\n\n<p>A plataforma interativa do Inep revela ainda que dos participantes do&nbsp;Enem&nbsp;2024, as mulheres s\u00e3o maioria entre os inscritos \u2013 equivalem a 60,59%, enquanto os homens representam 39,41%.<\/p>\n\n\n\n<p>Em rela\u00e7\u00e3o ao custo da inscri\u00e7\u00e3o, 63,6% s\u00e3o isentos da taxa de inscri\u00e7\u00e3o e 36,4% pagaram o boleto de R$ 85.<\/p>\n\n\n\n<p>Sobre a declara\u00e7\u00e3o de ra\u00e7a e\/ou cor dos candidatos, a maioria se reconhece de&nbsp;cor parda (1.860.766), seguida da branca (1.788.622) e preta (533.861). Outros 62.288 se consideram de cor amarela e 29.891 se declaram ind\u00edgenas. Mais de 50 mil participantes n\u00e3o declararam ra\u00e7a ou cor.<\/p>\n\n\n\n<p>No pr\u00f3ximo domingo (10), os candidatos far\u00e3o&nbsp;as provas de ci\u00eancias da natureza (qu\u00edmica, f\u00edsica e biologia) e matem\u00e1tica da 26\u00aa edi\u00e7\u00e3o do Enem.<\/p>\n\n\n\n<p>No primeiro dia, os candidatos prestaram provas de linguagens, ci\u00eancias humanas (hist\u00f3ria, geografia, filosofia e sociologia) e reda\u00e7\u00e3o e houve <a href=\"https:\/\/agenciabrasil.ebc.com.br\/educacao\/noticia\/2024-11\/indice-de-abstencao-no-primeiro-dia-do-Enem-cai-para-26-6\" target=\"_blank\" rel=\"noreferrer noopener\">absten\u00e7\u00e3o<\/a> de 26,6%, dos mais de 4,3 milh\u00f5es de inscritos&nbsp;este ano.&nbsp;<\/p>\n\n\n\n<p>De acordo com o Inep, a divulga\u00e7\u00e3o do gabarito das provas do Enem ocorrer\u00e1 em 20 de novembro e&nbsp;o resultado final ser\u00e1 conhecido em 13 de janeiro de 2025.<\/p>\n\n\n\n<p>Para mais informa\u00e7\u00f5es, acesse o <a href=\"https:\/\/www.in.gov.br\/en\/web\/dou\/-\/edital-n-51-de-10-de-maio-de-2024-559158847\" target=\"_blank\" rel=\"noreferrer noopener\">edital do Enem 2024<\/a> com as regras v\u00e1lidas.<\/p>\n\n\n\n<p><strong><em>Fonte: Ag\u00eancia Brasil<\/em><\/strong><\/p>\n","protected":false},"excerpt":{"rendered":"<p>O Exame Nacional do Ensino M\u00e9dio (Enem) de 2024 tem 9.950 participantes maiores de 60 anos, o que representa 0,23%<\/p>\n","protected":false},"author":1,"featured_media":8184,"comment_status":"open","ping_status":"open","sticky":false,"template":"","format":"standard","meta":{"footnotes":""},"categories":[2],"tags":[],"class_list":["post-8183","post","type-post","status-publish","format-standard","has-post-thumbnail","hentry","category-noticias"],"_links":{"self":[{"href":"https:\/\/jornaloalvorada.com.br\/site\/wp-json\/wp\/v2\/posts\/8183","targetHints":{"allow":["GET"]}}],"collection":[{"href":"https:\/\/jornaloalvorada.com.br\/site\/wp-json\/wp\/v2\/posts"}],"about":[{"href":"https:\/\/jornaloalvorada.com.br\/site\/wp-json\/wp\/v2\/types\/post"}],"author":[{"embeddable":true,"href":"https:\/\/jornaloalvorada.com.br\/site\/wp-json\/wp\/v2\/users\/1"}],"replies":[{"embeddable":true,"href":"https:\/\/jornaloalvorada.com.br\/site\/wp-json\/wp\/v2\/comments?post=8183"}],"version-history":[{"count":1,"href":"https:\/\/jornaloalvorada.com.br\/site\/wp-json\/wp\/v2\/posts\/8183\/revisions"}],"predecessor-version":[{"id":8185,"href":"https:\/\/jornaloalvorada.com.br\/site\/wp-json\/wp\/v2\/posts\/8183\/revisions\/8185"}],"wp:featuredmedia":[{"embeddable":true,"href":"https:\/\/jornaloalvorada.com.br\/site\/wp-json\/wp\/v2\/media\/8184"}],"wp:attachment":[{"href":"https:\/\/jornaloalvorada.com.br\/site\/wp-json\/wp\/v2\/media?parent=8183"}],"wp:term":[{"taxonomy":"category","embeddable":true,"href":"https:\/\/jornaloalvorada.com.br\/site\/wp-json\/wp\/v2\/categories?post=8183"},{"taxonomy":"post_tag","embeddable":true,"href":"https:\/\/jornaloalvorada.com.br\/site\/wp-json\/wp\/v2\/tags?post=8183"}],"curies":[{"name":"wp","href":"https:\/\/api.w.org\/{rel}","templated":true}]}}