{"id":8156,"date":"2024-11-06T08:56:10","date_gmt":"2024-11-06T12:56:10","guid":{"rendered":"https:\/\/jornaloalvorada.com.br\/site\/?p=8156"},"modified":"2024-11-06T08:56:12","modified_gmt":"2024-11-06T12:56:12","slug":"lideres-mundiais-parabenizam-donald-trump-confira","status":"publish","type":"post","link":"https:\/\/jornaloalvorada.com.br\/site\/2024\/11\/06\/lideres-mundiais-parabenizam-donald-trump-confira\/","title":{"rendered":"L\u00edderes mundiais parabenizam Donald Trump; CONFIRA"},"content":{"rendered":"\n<p>Por meio do X, o premi\u00ea israelense Benjamin Netanyahu felicitou Trump por seu \u201cretorno hist\u00f3rico \u00e0 Casa Branca\u201d.<\/p>\n\n\n\n<p>Tamb\u00e9m pelas redes sociais, Emmanuel Macron, presidente da Fran\u00e7a, afirmou que est\u00e1 disposto a trabalhar com o americano \u201ccom respeito e ambi\u00e7\u00e3o\u201d. \u201cCom as suas convic\u00e7\u00f5es e com as minhas. Com respeito e ambi\u00e7\u00e3o. Por mais paz e prosperidade\u201d, acrescentou o chefe de Estado franc\u00eas em seu comunicado.<\/p>\n\n\n\n<p>O presidente ucraniano, Volodymyr Zelensky, disse que Trump teve \u201cvit\u00f3ria impressionante\u201d.<\/p>\n\n\n\n<p>\u201cAgrade\u00e7o o compromisso do presidente Trump com a abordagem de \u2018paz atrav\u00e9s da for\u00e7a\u2019 nos assuntos globais. Esse \u00e9 exatamente o princ\u00edpio que pode, na pr\u00e1tica, aproximar uma paz justa na Ucr\u00e2nia\u201d, disse Zelensky na rede social X.<\/p>\n\n\n\n<p>O primeiro-ministro do Reino Unido, Keir Starmer, tamb\u00e9m se posicionou. \u201cParab\u00e9ns, presidente eleito Trump, por sua vit\u00f3ria hist\u00f3rica nas elei\u00e7\u00f5es. Estou ansioso para trabalhar com Trump nos pr\u00f3ximos anos. A rela\u00e7\u00e3o Reino Unido-EUA continuar\u00e1 a prosperar.\u201d<\/p>\n\n\n\n<p>O primeiro-ministro h\u00fangaro, Viktor Orb\u00e1n, que apoiou abertamente a candidatura presidencial de Donald Trump, disse nesta quarta-feira em sua p\u00e1gina no Facebook, ainda antes da divulga\u00e7\u00e3o da proje\u00e7\u00e3o da AP, que o republicano estava \u201cno caminho para uma bela vit\u00f3ria\u201d.<\/p>\n\n\n\n<p>\u201cParab\u00e9ns ao presidente eleito dos Estados Unidos da Am\u00e9rica, Donald Trump. Que Deus o aben\u00e7oe e o guie\u201d, disse Nayib Bukele, presidente de El Salvador.<\/p>\n\n\n\n<p>O escrit\u00f3rio presidencial da Coreia do Sul afirmou que ir\u00e1 construir uma \u201cparceria de seguran\u00e7a perfeita\u201d com a nova administra\u00e7\u00e3o dos EUA.<\/p>\n\n\n\n<p>A primeira-ministra italiana, Giorgia Meloni, de direita, ofereceu seus \u201cmais sinceros parab\u00e9ns\u201d a Trump e disse que os EUA e a It\u00e1lia t\u00eam uma \u201calian\u00e7a inabal\u00e1vel\u201d. \u201c\u00c9 um v\u00ednculo estrat\u00e9gico, que tenho certeza de que agora fortaleceremos ainda mais\u201d, afirmou.<\/p>\n\n\n\n<p><em>Fonte: Metr\u00f3poles<\/em><\/p>\n","protected":false},"excerpt":{"rendered":"<p>Por meio do X, o premi\u00ea israelense Benjamin Netanyahu felicitou Trump por seu \u201cretorno hist\u00f3rico \u00e0 Casa Branca\u201d. Tamb\u00e9m pelas<\/p>\n","protected":false},"author":1,"featured_media":8157,"comment_status":"open","ping_status":"open","sticky":false,"template":"","format":"standard","meta":{"footnotes":""},"categories":[2],"tags":[],"class_list":["post-8156","post","type-post","status-publish","format-standard","has-post-thumbnail","hentry","category-noticias"],"_links":{"self":[{"href":"https:\/\/jornaloalvorada.com.br\/site\/wp-json\/wp\/v2\/posts\/8156","targetHints":{"allow":["GET"]}}],"collection":[{"href":"https:\/\/jornaloalvorada.com.br\/site\/wp-json\/wp\/v2\/posts"}],"about":[{"href":"https:\/\/jornaloalvorada.com.br\/site\/wp-json\/wp\/v2\/types\/post"}],"author":[{"embeddable":true,"href":"https:\/\/jornaloalvorada.com.br\/site\/wp-json\/wp\/v2\/users\/1"}],"replies":[{"embeddable":true,"href":"https:\/\/jornaloalvorada.com.br\/site\/wp-json\/wp\/v2\/comments?post=8156"}],"version-history":[{"count":1,"href":"https:\/\/jornaloalvorada.com.br\/site\/wp-json\/wp\/v2\/posts\/8156\/revisions"}],"predecessor-version":[{"id":8158,"href":"https:\/\/jornaloalvorada.com.br\/site\/wp-json\/wp\/v2\/posts\/8156\/revisions\/8158"}],"wp:featuredmedia":[{"embeddable":true,"href":"https:\/\/jornaloalvorada.com.br\/site\/wp-json\/wp\/v2\/media\/8157"}],"wp:attachment":[{"href":"https:\/\/jornaloalvorada.com.br\/site\/wp-json\/wp\/v2\/media?parent=8156"}],"wp:term":[{"taxonomy":"category","embeddable":true,"href":"https:\/\/jornaloalvorada.com.br\/site\/wp-json\/wp\/v2\/categories?post=8156"},{"taxonomy":"post_tag","embeddable":true,"href":"https:\/\/jornaloalvorada.com.br\/site\/wp-json\/wp\/v2\/tags?post=8156"}],"curies":[{"name":"wp","href":"https:\/\/api.w.org\/{rel}","templated":true}]}}