{"id":8141,"date":"2024-11-05T14:12:08","date_gmt":"2024-11-05T18:12:08","guid":{"rendered":"https:\/\/jornaloalvorada.com.br\/site\/?p=8141"},"modified":"2024-11-05T14:13:23","modified_gmt":"2024-11-05T18:13:23","slug":"prefeito-jose-paleari-participa-do-2o-congresso-dos-municipios-de-mato-grosso-do-sul","status":"publish","type":"post","link":"https:\/\/jornaloalvorada.com.br\/site\/2024\/11\/05\/prefeito-jose-paleari-participa-do-2o-congresso-dos-municipios-de-mato-grosso-do-sul\/","title":{"rendered":"Prefeito Jos\u00e9 Paleari participa do 2\u00ba Congresso dos Munic\u00edpios de Mato Grosso do Sul"},"content":{"rendered":"\n<p>O prefeito de Nova Alvorada do Sul, Jos\u00e9 Paulo Paleari participa do segundo dia do 2\u00b0 Congresso dos Munic\u00edpios de Mato Grosso do Sul.<\/p>\n\n\n\n<p>Acompanhe a nossa manh\u00e3 neste importante evento que fortalece a gest\u00e3o p\u00fablica, com palestras, networking de alto n\u00edvel e a uni\u00e3o de autoridades e especialistas dedicados ao desenvolvimento dos munic\u00edpios.<\/p>\n\n\n\n<figure class=\"wp-block-image size-large\"><img loading=\"lazy\" decoding=\"async\" width=\"768\" height=\"1024\" src=\"https:\/\/jornaloalvorada.com.br\/site\/wp-content\/uploads\/2024\/11\/465698412_1049379570533127_7016702565671103447_n-768x1024.jpg\" alt=\"\" class=\"wp-image-8144\" srcset=\"https:\/\/jornaloalvorada.com.br\/site\/wp-content\/uploads\/2024\/11\/465698412_1049379570533127_7016702565671103447_n-768x1024.jpg 768w, https:\/\/jornaloalvorada.com.br\/site\/wp-content\/uploads\/2024\/11\/465698412_1049379570533127_7016702565671103447_n-225x300.jpg 225w, https:\/\/jornaloalvorada.com.br\/site\/wp-content\/uploads\/2024\/11\/465698412_1049379570533127_7016702565671103447_n-1152x1536.jpg 1152w, https:\/\/jornaloalvorada.com.br\/site\/wp-content\/uploads\/2024\/11\/465698412_1049379570533127_7016702565671103447_n.jpg 1536w\" sizes=\"auto, (max-width: 768px) 100vw, 768px\" \/><\/figure>\n\n\n\n<figure class=\"wp-block-image size-large\"><img loading=\"lazy\" decoding=\"async\" width=\"1024\" height=\"768\" src=\"https:\/\/jornaloalvorada.com.br\/site\/wp-content\/uploads\/2024\/11\/465845890_1049379527199798_4851870991676882989_n-1024x768.jpg\" alt=\"\" class=\"wp-image-8145\" srcset=\"https:\/\/jornaloalvorada.com.br\/site\/wp-content\/uploads\/2024\/11\/465845890_1049379527199798_4851870991676882989_n-1024x768.jpg 1024w, https:\/\/jornaloalvorada.com.br\/site\/wp-content\/uploads\/2024\/11\/465845890_1049379527199798_4851870991676882989_n-300x225.jpg 300w, https:\/\/jornaloalvorada.com.br\/site\/wp-content\/uploads\/2024\/11\/465845890_1049379527199798_4851870991676882989_n-768x576.jpg 768w, https:\/\/jornaloalvorada.com.br\/site\/wp-content\/uploads\/2024\/11\/465845890_1049379527199798_4851870991676882989_n-1536x1152.jpg 1536w, https:\/\/jornaloalvorada.com.br\/site\/wp-content\/uploads\/2024\/11\/465845890_1049379527199798_4851870991676882989_n.jpg 2048w\" sizes=\"auto, (max-width: 1024px) 100vw, 1024px\" \/><\/figure>\n\n\n\n<figure class=\"wp-block-image size-large\"><img loading=\"lazy\" decoding=\"async\" width=\"768\" height=\"1024\" src=\"https:\/\/jornaloalvorada.com.br\/site\/wp-content\/uploads\/2024\/11\/465869098_1049379407199810_2339433305868412585_n-768x1024.jpg\" alt=\"\" class=\"wp-image-8146\" srcset=\"https:\/\/jornaloalvorada.com.br\/site\/wp-content\/uploads\/2024\/11\/465869098_1049379407199810_2339433305868412585_n-768x1024.jpg 768w, https:\/\/jornaloalvorada.com.br\/site\/wp-content\/uploads\/2024\/11\/465869098_1049379407199810_2339433305868412585_n-225x300.jpg 225w, https:\/\/jornaloalvorada.com.br\/site\/wp-content\/uploads\/2024\/11\/465869098_1049379407199810_2339433305868412585_n-1152x1536.jpg 1152w, https:\/\/jornaloalvorada.com.br\/site\/wp-content\/uploads\/2024\/11\/465869098_1049379407199810_2339433305868412585_n.jpg 1536w\" sizes=\"auto, (max-width: 768px) 100vw, 768px\" \/><\/figure>\n\n\n\n<figure class=\"wp-block-image size-large\"><img loading=\"lazy\" decoding=\"async\" width=\"768\" height=\"1024\" src=\"https:\/\/jornaloalvorada.com.br\/site\/wp-content\/uploads\/2024\/11\/465707478_1049379497199801_290298519342496546_n-768x1024.jpg\" alt=\"\" class=\"wp-image-8147\" srcset=\"https:\/\/jornaloalvorada.com.br\/site\/wp-content\/uploads\/2024\/11\/465707478_1049379497199801_290298519342496546_n-768x1024.jpg 768w, https:\/\/jornaloalvorada.com.br\/site\/wp-content\/uploads\/2024\/11\/465707478_1049379497199801_290298519342496546_n-225x300.jpg 225w, https:\/\/jornaloalvorada.com.br\/site\/wp-content\/uploads\/2024\/11\/465707478_1049379497199801_290298519342496546_n-1152x1536.jpg 1152w, https:\/\/jornaloalvorada.com.br\/site\/wp-content\/uploads\/2024\/11\/465707478_1049379497199801_290298519342496546_n.jpg 1536w\" sizes=\"auto, (max-width: 768px) 100vw, 768px\" \/><\/figure>\n\n\n\n<p><\/p>\n","protected":false},"excerpt":{"rendered":"<p>O prefeito de Nova Alvorada do Sul, Jos\u00e9 Paulo Paleari participa do segundo dia do 2\u00b0 Congresso dos Munic\u00edpios de<\/p>\n","protected":false},"author":1,"featured_media":8142,"comment_status":"open","ping_status":"open","sticky":false,"template":"","format":"standard","meta":{"footnotes":""},"categories":[2],"tags":[],"class_list":["post-8141","post","type-post","status-publish","format-standard","has-post-thumbnail","hentry","category-noticias"],"_links":{"self":[{"href":"https:\/\/jornaloalvorada.com.br\/site\/wp-json\/wp\/v2\/posts\/8141","targetHints":{"allow":["GET"]}}],"collection":[{"href":"https:\/\/jornaloalvorada.com.br\/site\/wp-json\/wp\/v2\/posts"}],"about":[{"href":"https:\/\/jornaloalvorada.com.br\/site\/wp-json\/wp\/v2\/types\/post"}],"author":[{"embeddable":true,"href":"https:\/\/jornaloalvorada.com.br\/site\/wp-json\/wp\/v2\/users\/1"}],"replies":[{"embeddable":true,"href":"https:\/\/jornaloalvorada.com.br\/site\/wp-json\/wp\/v2\/comments?post=8141"}],"version-history":[{"count":2,"href":"https:\/\/jornaloalvorada.com.br\/site\/wp-json\/wp\/v2\/posts\/8141\/revisions"}],"predecessor-version":[{"id":8149,"href":"https:\/\/jornaloalvorada.com.br\/site\/wp-json\/wp\/v2\/posts\/8141\/revisions\/8149"}],"wp:featuredmedia":[{"embeddable":true,"href":"https:\/\/jornaloalvorada.com.br\/site\/wp-json\/wp\/v2\/media\/8142"}],"wp:attachment":[{"href":"https:\/\/jornaloalvorada.com.br\/site\/wp-json\/wp\/v2\/media?parent=8141"}],"wp:term":[{"taxonomy":"category","embeddable":true,"href":"https:\/\/jornaloalvorada.com.br\/site\/wp-json\/wp\/v2\/categories?post=8141"},{"taxonomy":"post_tag","embeddable":true,"href":"https:\/\/jornaloalvorada.com.br\/site\/wp-json\/wp\/v2\/tags?post=8141"}],"curies":[{"name":"wp","href":"https:\/\/api.w.org\/{rel}","templated":true}]}}