{"id":8138,"date":"2024-11-05T13:51:19","date_gmt":"2024-11-05T17:51:19","guid":{"rendered":"https:\/\/jornaloalvorada.com.br\/site\/?p=8138"},"modified":"2024-11-05T13:51:20","modified_gmt":"2024-11-05T17:51:20","slug":"eleicoes-nos-eua-bolsonaro-posta-mensagem-e-reafirma-apoio-a-trump-nas-redes-sociais-veja","status":"publish","type":"post","link":"https:\/\/jornaloalvorada.com.br\/site\/2024\/11\/05\/eleicoes-nos-eua-bolsonaro-posta-mensagem-e-reafirma-apoio-a-trump-nas-redes-sociais-veja\/","title":{"rendered":"Elei\u00e7\u00f5es nos EUA: Bolsonaro posta mensagem e reafirma apoio a Trump nas redes sociais; VEJA"},"content":{"rendered":"\n<p>As elei\u00e7\u00f5es nos Estados Unidos t\u00eam repercuss\u00f5es globais que se refletem em diferentes apoios ao redor do mundo. Nesse domingo (3), duas figuras pol\u00edticas brasileiras, Jair Bolsonaro e Luiz In\u00e1cio <a href=\"https:\/\/terrabrasilnoticias.com\/2024\/11\/duas-semanas-apos-acidente-lula-retorna-ao-hospital-para-checkup\/\" target=\"_blank\" rel=\"noreferrer noopener\">Lula <\/a>da Silva, manifestaram suas prefer\u00eancias por diferentes candidatos \u00e0 presid\u00eancia norte-americana. Estas declara\u00e7\u00f5es p\u00fablicas destacam n\u00e3o apenas as alian\u00e7as pol\u00edticas, mas tamb\u00e9m as vis\u00f5es contrastantes sobre o futuro das rela\u00e7\u00f5es internacionais e da democracia.<\/p>\n\n\n\n<p>Enquanto o ex-presidente Jair Bolsonaro demonstrou suporte a Donald Trump, a quem descreveu como \u201ca certeza de um mundo melhor\u201d, o atual presidente, Luiz In\u00e1cio Lula da Silva, expressou sua prefer\u00eancia pela vice-presidente Kamala Harris, candidata democrata. Esta distin\u00e7\u00e3o ilustra a divis\u00e3o ideol\u00f3gica presente na pol\u00edtica internacional e como l\u00edderes mundiais interpretam o impacto dos candidatos em potencial.<\/p>\n\n\n\n<h2 class=\"wp-block-heading\">Por que Bolsonaro apoia Donald Trump?<\/h2>\n\n\n\n<p>Jair Bolsonaro, em suas redes sociais, destacou os aspectos que, segundo ele, tornavam a candidatura de Donald Trump vantajosa. Bolsonaro ressaltou a aus\u00eancia de conflitos militares significativos durante o mandato de Trump, afirmando que o per\u00edodo foi marcado pela paz em escala mundial. Al\u00e9m disso, enfatizou a luta contra o terrorismo e a import\u00e2ncia da liberdade de express\u00e3o. O apoio do ex-presidente brasileiro est\u00e1 ancorado em valores que ele associa a Trump, como defesa do livre-com\u00e9rcio, propriedade privada e liberdade religiosa.<\/p>\n\n\n\n<h2 class=\"wp-block-heading\">Qual \u00e9 a posi\u00e7\u00e3o de Lula sobre Kamala Harris?<\/h2>\n\n\n\n<p>Contrapondo-se \u00e0 opini\u00e3o de Bolsonaro, Luiz In\u00e1cio Lula da Silva v\u00ea em Kamala Harris uma candidata capaz de fortalecer a democracia nos Estados Unidos. Lula, em uma entrevista, relembrou os eventos tumultuosos que ocorreram no final do mandato de Trump, como o ataque ao Capit\u00f3lio, questionando a imagem democrata dos EUA. Ao apoiar Harris, Lula destaca a necessidade de seguran\u00e7a democr\u00e1tica e integridade pol\u00edtica, afirmando que sua elei\u00e7\u00e3o seria ben\u00e9fica para restaurar a confian\u00e7a no sistema pol\u00edtico americano.<\/p>\n\n\n\n<figure class=\"wp-block-image\"><img decoding=\"async\" src=\"https:\/\/terrabrasilnoticias.com\/wp-content\/uploads\/2024\/10\/01-565-1024x604.jpg\" alt=\"\"\/><figcaption class=\"wp-element-caption\">Lula apoia Kamala \/ \u00a9 Marcelo Camargo\/Ag\u00eancia Brasil<\/figcaption><\/figure>\n\n\n\n<h2 class=\"wp-block-heading\">Apoios Internacionais: Uma Pr\u00e1tica Comum?<\/h2>\n\n\n\n<p>O apoio de l\u00edderes estrangeiros a candidatos em elei\u00e7\u00f5es de outros pa\u00edses n\u00e3o \u00e9 uma pr\u00e1tica incomum, embora possa gerar controv\u00e9rsias. Tais apoios geralmente refletem afinidades pol\u00edticas e ideol\u00f3gicas, al\u00e9m de interesses estrat\u00e9gicos que podem impactar rela\u00e7\u00f5es bilaterais. V\u00e1rios fatores podem influenciar esses posicionamentos, incluindo hist\u00f3ricos diplom\u00e1ticos, alinhamentos econ\u00f4micos e agendas internacionais comuns.<\/p>\n\n\n\n<ul class=\"wp-block-list\">\n<li>Apoios podem influenciar a percep\u00e7\u00e3o p\u00fablica e a din\u00e2mica da campanha eleitoral.<\/li>\n\n\n\n<li>Esses gestos simb\u00f3licos ajudam a solidificar alian\u00e7as pol\u00edticas globais.<\/li>\n\n\n\n<li>Podem, tamb\u00e9m, desafiar as normas diplom\u00e1ticas de n\u00e3o interfer\u00eancia em assuntos internos de outros pa\u00edses.<\/li>\n<\/ul>\n\n\n\n<p><em>Fonte: Terra Brasil Not\u00edcias<\/em><\/p>\n","protected":false},"excerpt":{"rendered":"<p>As elei\u00e7\u00f5es nos Estados Unidos t\u00eam repercuss\u00f5es globais que se refletem em diferentes apoios ao redor do mundo. Nesse domingo<\/p>\n","protected":false},"author":1,"featured_media":8139,"comment_status":"open","ping_status":"open","sticky":false,"template":"","format":"standard","meta":{"footnotes":""},"categories":[3],"tags":[],"class_list":["post-8138","post","type-post","status-publish","format-standard","has-post-thumbnail","hentry","category-social"],"_links":{"self":[{"href":"https:\/\/jornaloalvorada.com.br\/site\/wp-json\/wp\/v2\/posts\/8138","targetHints":{"allow":["GET"]}}],"collection":[{"href":"https:\/\/jornaloalvorada.com.br\/site\/wp-json\/wp\/v2\/posts"}],"about":[{"href":"https:\/\/jornaloalvorada.com.br\/site\/wp-json\/wp\/v2\/types\/post"}],"author":[{"embeddable":true,"href":"https:\/\/jornaloalvorada.com.br\/site\/wp-json\/wp\/v2\/users\/1"}],"replies":[{"embeddable":true,"href":"https:\/\/jornaloalvorada.com.br\/site\/wp-json\/wp\/v2\/comments?post=8138"}],"version-history":[{"count":1,"href":"https:\/\/jornaloalvorada.com.br\/site\/wp-json\/wp\/v2\/posts\/8138\/revisions"}],"predecessor-version":[{"id":8140,"href":"https:\/\/jornaloalvorada.com.br\/site\/wp-json\/wp\/v2\/posts\/8138\/revisions\/8140"}],"wp:featuredmedia":[{"embeddable":true,"href":"https:\/\/jornaloalvorada.com.br\/site\/wp-json\/wp\/v2\/media\/8139"}],"wp:attachment":[{"href":"https:\/\/jornaloalvorada.com.br\/site\/wp-json\/wp\/v2\/media?parent=8138"}],"wp:term":[{"taxonomy":"category","embeddable":true,"href":"https:\/\/jornaloalvorada.com.br\/site\/wp-json\/wp\/v2\/categories?post=8138"},{"taxonomy":"post_tag","embeddable":true,"href":"https:\/\/jornaloalvorada.com.br\/site\/wp-json\/wp\/v2\/tags?post=8138"}],"curies":[{"name":"wp","href":"https:\/\/api.w.org\/{rel}","templated":true}]}}