{"id":8135,"date":"2024-11-05T13:50:08","date_gmt":"2024-11-05T17:50:08","guid":{"rendered":"https:\/\/jornaloalvorada.com.br\/site\/?p=8135"},"modified":"2024-11-05T13:50:12","modified_gmt":"2024-11-05T17:50:12","slug":"com-rios-baixos-operacao-piracema-comeca-nesta-terca-feira-com-500-militares-em-ms","status":"publish","type":"post","link":"https:\/\/jornaloalvorada.com.br\/site\/2024\/11\/05\/com-rios-baixos-operacao-piracema-comeca-nesta-terca-feira-com-500-militares-em-ms\/","title":{"rendered":"Com rios baixos, Opera\u00e7\u00e3o Piracema come\u00e7a nesta ter\u00e7a-feira com 500 militares em MS"},"content":{"rendered":"\n<p>At\u00e9 o dia 28 de fevereiro de 2025 est\u00e1 proibido todo tipo de pesca no Estado, desde a modalidade Pesque e Solte, a pesca amadora e tamb\u00e9m a profissional. No Rio Paran\u00e1, a pesca est\u00e1 proibida desde quarta-feira (1\u00ba).<\/p>\n\n\n\n<p>De acordo com o Imasul (Instituto de Meio Ambiente de MS), o baixo n\u00edvel dos rios este ano \u00e9 um agravante para a piracema. Isso porque, o n\u00edvel baixo facilita a pesca predat\u00f3ria em per\u00edodo que os peixes sobem o rio para a reprodu\u00e7\u00e3o. O Rio Paraguai, em Lad\u00e1rio, <a href=\"https:\/\/midiamax.uol.com.br\/cotidiano\/2024\/rio-paraguai-em-ladario-atinge-pior-nivel-em-124-anos-e-continuam-caindo-dia-a-dia\/\">atingiu o menor n\u00edvel hist\u00f3rico no dia 8 de outubro<\/a>, superando o recorde registrado em 1964.<\/p>\n\n\n\n<p>Al\u00e9m de empregar mais militares, a opera\u00e7\u00e3o Piracema utiliza tecnologia para ajudar na fiscaliza\u00e7\u00e3o. Dessa forma, equipes de campo v\u00e3o usar drones e ferramenta de georrefer\u00eancia para monitorar 184 trechos cr\u00edticos dos rios do Estado.<\/p>\n\n\n\n<h2 class=\"wp-block-heading\" id=\"h-trechos-de-pesca-ilegal-serao-monitorados\">Trechos de pesca ilegal ser\u00e3o monitorados<\/h2>\n\n\n\n<p>Em maio de 2024, a ANA (Ag\u00eancia Nacional de \u00c1guas e Saneamento B\u00e1sico)&nbsp;<a href=\"https:\/\/midiamax.uol.com.br\/cotidiano\/2024\/com-seca-historica-no-pantanal-agencia-nacional-declara-escassez-hidrica-na-bacia-do-rio-paraguai\/\">declarou escassez h\u00eddrica na bacia do Rio Paraguai<\/a>, pela primeira vez na hist\u00f3ria. De acordo com o Imasul, a situa\u00e7\u00e3o de seca gera muito mais obst\u00e1culos para os peixes que sobem para se reproduzir.<\/p>\n\n\n\n<figure class=\"wp-block-image\"><img decoding=\"async\" src=\"https:\/\/midiamax.uol.com.br\/wp-content\/uploads\/2022\/10\/Piracema-PMA_Fiscalizacao_Foto-por-Governo-de-MS-1024x576.webp\" alt=\"\"\/><figcaption class=\"wp-element-caption\">Per\u00edodo da Piracema dura tr\u00eas meses e meio.<\/figcaption><\/figure>\n\n\n\n<p>Coordenador do georrefer\u00eancia da PMA, o Tenente-Coronel Jose Carlos Rodrigues, explica que foram mapeados 184 pontos cr\u00edticos onde o policiamento da Piracema seja mais efetivo e eficaz, devido \u00e0 incid\u00eancia de pesca ilegal.<\/p>\n\n\n\n<p>Ainda ?ser\u00e3o montadas cinco barreiras de fiscaliza\u00e7\u00e3o, nos rios, estradas vicinais, rodovias federais e rurais. &#8220;Queremos a presen\u00e7a do Estado nas estradas, nos rios, para coibir aquela pessoa que tem a inten\u00e7\u00e3o de praticar o crime da pesca predat\u00f3ria&#8221;, afirma o diretor-presidente do Imasul, Andre Borges.<\/p>\n\n\n\n<h2 class=\"wp-block-heading\" id=\"h-piracema-x-periodo-de-defeso\">Piracema x Per\u00edodo de Defeso<\/h2>\n\n\n\n<p>Embora os per\u00edodos aliados, a&nbsp;Piracema&nbsp;\u00e9 o fen\u00f4meno da migra\u00e7\u00e3o dos peixes para a reprodu\u00e7\u00e3o, enquanto o Defeso \u00e9 o per\u00edodo em que as esp\u00e9cies est\u00e3o protegidas por Lei, ou seja, a pesca \u00e9 regrada por regi\u00f5es.<\/p>\n\n\n\n<p>Com isso, a pesca de cada esp\u00e9cie depende da regi\u00e3o. Por exemplo, todos os rios de MS est\u00e3o listados como pesca proibida ou restritiva por kg. Enquanto isso, no Rio&nbsp;Amazonas, alguns&nbsp;peixes integram uma lista de exce\u00e7\u00e3o.<\/p>\n\n\n\n<p>Para entender o porqu\u00ea da proibi\u00e7\u00e3o \u00e9 necess\u00e1rio saber que a natureza segue sinais e precisa de prote\u00e7\u00e3o nesse per\u00edodo. Durante novembro, os dias ficam mais quentes e as chuvas frequentes, o que acaba gerando mais oxig\u00eanio na \u00e1gua dos rios.<\/p>\n\n\n\n<p>A natureza \u00e9 inteligente e esses sinais determinam aos peixes que come\u00e7a o per\u00edodo de reprodu\u00e7\u00e3o. Eles come\u00e7am a se agrupar em cardumes, se preparando para subir os rios. Consequentemente, o n\u00edvel dos rios sobe, facilitando a chegada em cabeceiras, lagoas, marginais e alagadi\u00e7os.<\/p>\n\n\n\n<p><em>Fonte: MidiaNas<\/em><\/p>\n\n\n\n<p><\/p>\n","protected":false},"excerpt":{"rendered":"<p>At\u00e9 o dia 28 de fevereiro de 2025 est\u00e1 proibido todo tipo de pesca no Estado, desde a modalidade Pesque<\/p>\n","protected":false},"author":1,"featured_media":8136,"comment_status":"open","ping_status":"open","sticky":false,"template":"","format":"standard","meta":{"footnotes":""},"categories":[2],"tags":[],"class_list":["post-8135","post","type-post","status-publish","format-standard","has-post-thumbnail","hentry","category-noticias"],"_links":{"self":[{"href":"https:\/\/jornaloalvorada.com.br\/site\/wp-json\/wp\/v2\/posts\/8135","targetHints":{"allow":["GET"]}}],"collection":[{"href":"https:\/\/jornaloalvorada.com.br\/site\/wp-json\/wp\/v2\/posts"}],"about":[{"href":"https:\/\/jornaloalvorada.com.br\/site\/wp-json\/wp\/v2\/types\/post"}],"author":[{"embeddable":true,"href":"https:\/\/jornaloalvorada.com.br\/site\/wp-json\/wp\/v2\/users\/1"}],"replies":[{"embeddable":true,"href":"https:\/\/jornaloalvorada.com.br\/site\/wp-json\/wp\/v2\/comments?post=8135"}],"version-history":[{"count":1,"href":"https:\/\/jornaloalvorada.com.br\/site\/wp-json\/wp\/v2\/posts\/8135\/revisions"}],"predecessor-version":[{"id":8137,"href":"https:\/\/jornaloalvorada.com.br\/site\/wp-json\/wp\/v2\/posts\/8135\/revisions\/8137"}],"wp:featuredmedia":[{"embeddable":true,"href":"https:\/\/jornaloalvorada.com.br\/site\/wp-json\/wp\/v2\/media\/8136"}],"wp:attachment":[{"href":"https:\/\/jornaloalvorada.com.br\/site\/wp-json\/wp\/v2\/media?parent=8135"}],"wp:term":[{"taxonomy":"category","embeddable":true,"href":"https:\/\/jornaloalvorada.com.br\/site\/wp-json\/wp\/v2\/categories?post=8135"},{"taxonomy":"post_tag","embeddable":true,"href":"https:\/\/jornaloalvorada.com.br\/site\/wp-json\/wp\/v2\/tags?post=8135"}],"curies":[{"name":"wp","href":"https:\/\/api.w.org\/{rel}","templated":true}]}}