{"id":8132,"date":"2024-11-05T13:48:35","date_gmt":"2024-11-05T17:48:35","guid":{"rendered":"https:\/\/jornaloalvorada.com.br\/site\/?p=8132"},"modified":"2024-11-05T13:48:37","modified_gmt":"2024-11-05T17:48:37","slug":"5-de-novembro-dia-nacional-da-lingua-portuguesa","status":"publish","type":"post","link":"https:\/\/jornaloalvorada.com.br\/site\/2024\/11\/05\/5-de-novembro-dia-nacional-da-lingua-portuguesa\/","title":{"rendered":"5 de Novembro: Dia Nacional da L\u00edngua Portuguesa!"},"content":{"rendered":"\n<p>No dia 05 de novembro, celebramos o Dia Nacional da L\u00edngua Portuguesa! <img loading=\"lazy\" decoding=\"async\" height=\"16\" width=\"16\" src=\"https:\/\/static.xx.fbcdn.net\/images\/emoji.php\/v9\/t8c\/1\/16\/1f389.png\" alt=\"\ud83c\udf89\"> Uma data especial que homenageia Ruy Barbosa, um grande defensor da nossa l\u00edngua. O portugu\u00eas \u00e9 o elo que une nove pa\u00edses, incluindo Brasil e Portugal, e enriquece nossa cultura! Vamos valorizar e celebrar essa linda l\u00edngua que nos conecta!<\/p>\n","protected":false},"excerpt":{"rendered":"<p>No dia 05 de novembro, celebramos o Dia Nacional da L\u00edngua Portuguesa! Uma data especial que homenageia Ruy Barbosa, um<\/p>\n","protected":false},"author":1,"featured_media":8133,"comment_status":"open","ping_status":"open","sticky":false,"template":"","format":"standard","meta":{"footnotes":""},"categories":[2],"tags":[],"class_list":["post-8132","post","type-post","status-publish","format-standard","has-post-thumbnail","hentry","category-noticias"],"_links":{"self":[{"href":"https:\/\/jornaloalvorada.com.br\/site\/wp-json\/wp\/v2\/posts\/8132","targetHints":{"allow":["GET"]}}],"collection":[{"href":"https:\/\/jornaloalvorada.com.br\/site\/wp-json\/wp\/v2\/posts"}],"about":[{"href":"https:\/\/jornaloalvorada.com.br\/site\/wp-json\/wp\/v2\/types\/post"}],"author":[{"embeddable":true,"href":"https:\/\/jornaloalvorada.com.br\/site\/wp-json\/wp\/v2\/users\/1"}],"replies":[{"embeddable":true,"href":"https:\/\/jornaloalvorada.com.br\/site\/wp-json\/wp\/v2\/comments?post=8132"}],"version-history":[{"count":1,"href":"https:\/\/jornaloalvorada.com.br\/site\/wp-json\/wp\/v2\/posts\/8132\/revisions"}],"predecessor-version":[{"id":8134,"href":"https:\/\/jornaloalvorada.com.br\/site\/wp-json\/wp\/v2\/posts\/8132\/revisions\/8134"}],"wp:featuredmedia":[{"embeddable":true,"href":"https:\/\/jornaloalvorada.com.br\/site\/wp-json\/wp\/v2\/media\/8133"}],"wp:attachment":[{"href":"https:\/\/jornaloalvorada.com.br\/site\/wp-json\/wp\/v2\/media?parent=8132"}],"wp:term":[{"taxonomy":"category","embeddable":true,"href":"https:\/\/jornaloalvorada.com.br\/site\/wp-json\/wp\/v2\/categories?post=8132"},{"taxonomy":"post_tag","embeddable":true,"href":"https:\/\/jornaloalvorada.com.br\/site\/wp-json\/wp\/v2\/tags?post=8132"}],"curies":[{"name":"wp","href":"https:\/\/api.w.org\/{rel}","templated":true}]}}