{"id":8129,"date":"2024-11-05T13:38:24","date_gmt":"2024-11-05T17:38:24","guid":{"rendered":"https:\/\/jornaloalvorada.com.br\/site\/?p=8129"},"modified":"2024-11-05T13:38:26","modified_gmt":"2024-11-05T17:38:26","slug":"prepare-se-feriados-de-2025-prometem-longos-finais-de-semana","status":"publish","type":"post","link":"https:\/\/jornaloalvorada.com.br\/site\/2024\/11\/05\/prepare-se-feriados-de-2025-prometem-longos-finais-de-semana\/","title":{"rendered":"Prepare-se: Feriados de 2025 prometem longos finais de semana"},"content":{"rendered":"\n<p>O ano de 2025 reserva um calend\u00e1rio repleto de <a href=\"https:\/\/terrabrasilnoticias.com\/2024\/11\/prepare-se-mais-um-feriado-para-aproveitar-em-novembro\/\" target=\"_blank\" rel=\"noreferrer noopener\">feriados prolongados<\/a> para os brasileiros, representando uma chance perfeita para descanso e lazer. Ao contr\u00e1rio de 2024, este ano pr\u00f3ximo apresenta v\u00e1rias datas comemorativas alinhadas de modo a criar fins de semana estendidos. Isso gera \u00f3timas expectativas para trabalhadores e viajantes que buscam um respiro na rotina.<\/p>\n\n\n\n<p>Trata-se de uma excelente oportunidade para quem deseja recarregar as energias ou programar passeios e viagens. Diferentes setores, principalmente o tur\u00edstico, esperam um grande movimento, incentivados por essa configura\u00e7\u00e3o mais favor\u00e1vel do calend\u00e1rio. Aqui est\u00e1 uma an\u00e1lise dos principais feriados estendidos e suas possibilidades.<\/p>\n\n\n\n<h2 class=\"wp-block-heading\">Quais feriados proporcionar\u00e3o pausas prolongadas?<\/h2>\n\n\n\n<figure class=\"wp-block-image\"><img decoding=\"async\" src=\"https:\/\/terrabrasilnoticias.com\/wp-content\/uploads\/2024\/10\/estabilidade-financeira_1728592300113-1024x576.jpg\" alt=\"FGTS saque-anivers\u00e1rio: tire suas d\u00favidas e acesse seu saldo!\"\/><figcaption class=\"wp-element-caption\">Economizando<\/figcaption><\/figure>\n\n\n\n<p>Em 2025, seis feriados no <a href=\"https:\/\/www.gov.br\/pt-br\" target=\"_blank\" rel=\"noreferrer noopener\">Brasil <\/a>prometem prolongar os momentos de descanso. A Confraterniza\u00e7\u00e3o Universal, celebrada em 1\u00ba de janeiro, ocorre numa quarta-feira, possibilitando pausas desde o <strong>Ano Novo<\/strong>. Em mar\u00e7o, o Carnaval desponta novamente como um evento de destaque, com suas datas estendendo-se de segunda a quarta-feira, oferecendo assim um come\u00e7o de semana livre para muitos.<\/p>\n\n\n\n<p>A sequ\u00eancia de abril traz a Sexta-feira Santa no dia 18, rapidamente seguida por Tiradentes em 21 de abril, uma segunda-feira, criando um feriado prolongado natural. Em maio, o Dia do Trabalhador cai numa quinta-feira, f\u00e1cil de combinar com o fim de semana. O <strong>Corpus Christi<\/strong> chega em 19 de junho, numa quinta-feira, e o <strong>Dia da Consci\u00eancia Negra<\/strong> encerra as oportunidades de emenda em novembro.<\/p>\n\n\n\n<h2 class=\"wp-block-heading\">Como aproveitar ao m\u00e1ximo os feriados de 2025?<\/h2>\n\n\n\n<p>O sucesso em aproveitar os <strong>feriados de 2025<\/strong> pode ser significativamente ampliado com planejamento antecipado. Para aqueles que desejam viajar, reservar acomoda\u00e7\u00f5es e transportes com anteced\u00eancia \u00e9 prudente, evitando assim pre\u00e7os mais altos e lota\u00e7\u00f5es nos destinos mais procurados.<\/p>\n\n\n\n<p>Visitar locais menos conhecidos, mas igualmente encantadores, pode ser uma alternativa interessante para quem quer fugir do agito dos principais pontos tur\u00edsticos. Em qualquer cen\u00e1rio, o importante \u00e9 garantir que as op\u00e7\u00f5es escolhidas tragam relaxamento e satisfa\u00e7\u00e3o.<\/p>\n\n\n\n<h2 class=\"wp-block-heading\">Impactos econ\u00f4micos dos feriados prolongados<\/h2>\n\n\n\n<p>A movimenta\u00e7\u00e3o gerada pelos feriados prolongados em 2025 promete aquecer a economia, especialmente em setores como o turismo, alimenta\u00e7\u00e3o e hospedagem. Com mais pessoas dispostas a viajar e gastar, \u00e9 esperada uma boa inje\u00e7\u00e3o de recursos nesses segmentos, estimulando neg\u00f3cios locais e gerando empregos tempor\u00e1rios.<\/p>\n\n\n\n<p>Empres\u00e1rios e trabalhadores precisar\u00e3o ser estrat\u00e9gicos para atender uma demanda naturalmente crescente. Antecipar-se \u00e0s necessidades dos clientes e fornecer experi\u00eancias positivas ser\u00e1 crucial para aproveitar ao m\u00e1ximo essa janela de oportunidades proporcionada pelos feriados adicionais.<\/p>\n\n\n\n<p>Desse modo, 2025 surge n\u00e3o apenas como um ano de descanso para muitos, mas tamb\u00e9m como um per\u00edodo de crescimento para a economia do turismo brasileiro.<\/p>\n\n\n\n<p><strong><em>Fonte: Terra Brasil Not\u00edcias<\/em><\/strong><\/p>\n\n\n\n<p><\/p>\n","protected":false},"excerpt":{"rendered":"<p>O ano de 2025 reserva um calend\u00e1rio repleto de feriados prolongados para os brasileiros, representando uma chance perfeita para descanso<\/p>\n","protected":false},"author":1,"featured_media":8130,"comment_status":"open","ping_status":"open","sticky":false,"template":"","format":"standard","meta":{"footnotes":""},"categories":[3],"tags":[],"class_list":["post-8129","post","type-post","status-publish","format-standard","has-post-thumbnail","hentry","category-social"],"_links":{"self":[{"href":"https:\/\/jornaloalvorada.com.br\/site\/wp-json\/wp\/v2\/posts\/8129","targetHints":{"allow":["GET"]}}],"collection":[{"href":"https:\/\/jornaloalvorada.com.br\/site\/wp-json\/wp\/v2\/posts"}],"about":[{"href":"https:\/\/jornaloalvorada.com.br\/site\/wp-json\/wp\/v2\/types\/post"}],"author":[{"embeddable":true,"href":"https:\/\/jornaloalvorada.com.br\/site\/wp-json\/wp\/v2\/users\/1"}],"replies":[{"embeddable":true,"href":"https:\/\/jornaloalvorada.com.br\/site\/wp-json\/wp\/v2\/comments?post=8129"}],"version-history":[{"count":1,"href":"https:\/\/jornaloalvorada.com.br\/site\/wp-json\/wp\/v2\/posts\/8129\/revisions"}],"predecessor-version":[{"id":8131,"href":"https:\/\/jornaloalvorada.com.br\/site\/wp-json\/wp\/v2\/posts\/8129\/revisions\/8131"}],"wp:featuredmedia":[{"embeddable":true,"href":"https:\/\/jornaloalvorada.com.br\/site\/wp-json\/wp\/v2\/media\/8130"}],"wp:attachment":[{"href":"https:\/\/jornaloalvorada.com.br\/site\/wp-json\/wp\/v2\/media?parent=8129"}],"wp:term":[{"taxonomy":"category","embeddable":true,"href":"https:\/\/jornaloalvorada.com.br\/site\/wp-json\/wp\/v2\/categories?post=8129"},{"taxonomy":"post_tag","embeddable":true,"href":"https:\/\/jornaloalvorada.com.br\/site\/wp-json\/wp\/v2\/tags?post=8129"}],"curies":[{"name":"wp","href":"https:\/\/api.w.org\/{rel}","templated":true}]}}