{"id":8120,"date":"2024-11-05T08:28:51","date_gmt":"2024-11-05T12:28:51","guid":{"rendered":"https:\/\/jornaloalvorada.com.br\/site\/?p=8120"},"modified":"2024-11-05T08:28:53","modified_gmt":"2024-11-05T12:28:53","slug":"prefeito-jose-paleari-visita-empresa-producel-armazens-gerais-em-campo-grande","status":"publish","type":"post","link":"https:\/\/jornaloalvorada.com.br\/site\/2024\/11\/05\/prefeito-jose-paleari-visita-empresa-producel-armazens-gerais-em-campo-grande\/","title":{"rendered":"Prefeito Jos\u00e9 Paleari visita empresa Producel Armaz\u00e9ns Gerais, em Campo Grande"},"content":{"rendered":"\n<p>O grupo Producel, est\u00e1 no mercado a mais de 10 anos, contribuindo para a melhoria constante e efici\u00eancia na cadeia produtiva de gr\u00e3os e com um grande projeto de expans\u00e3o para o ano de 2025.<\/p>\n\n\n\n<p>Na oportunidade, conversei com o Jo\u00e3o Pedro Bernardy, um dos s\u00f3cios propriet\u00e1rio da Producel, e destaquei a import\u00e2ncia log\u00edstica de Nova Alvorada do Sul no contexto do Agroneg\u00f3cio.<\/p>\n","protected":false},"excerpt":{"rendered":"<p>O grupo Producel, est\u00e1 no mercado a mais de 10 anos, contribuindo para a melhoria constante e efici\u00eancia na cadeia<\/p>\n","protected":false},"author":1,"featured_media":8121,"comment_status":"open","ping_status":"open","sticky":false,"template":"","format":"standard","meta":{"footnotes":""},"categories":[2],"tags":[],"class_list":["post-8120","post","type-post","status-publish","format-standard","has-post-thumbnail","hentry","category-noticias"],"_links":{"self":[{"href":"https:\/\/jornaloalvorada.com.br\/site\/wp-json\/wp\/v2\/posts\/8120","targetHints":{"allow":["GET"]}}],"collection":[{"href":"https:\/\/jornaloalvorada.com.br\/site\/wp-json\/wp\/v2\/posts"}],"about":[{"href":"https:\/\/jornaloalvorada.com.br\/site\/wp-json\/wp\/v2\/types\/post"}],"author":[{"embeddable":true,"href":"https:\/\/jornaloalvorada.com.br\/site\/wp-json\/wp\/v2\/users\/1"}],"replies":[{"embeddable":true,"href":"https:\/\/jornaloalvorada.com.br\/site\/wp-json\/wp\/v2\/comments?post=8120"}],"version-history":[{"count":1,"href":"https:\/\/jornaloalvorada.com.br\/site\/wp-json\/wp\/v2\/posts\/8120\/revisions"}],"predecessor-version":[{"id":8122,"href":"https:\/\/jornaloalvorada.com.br\/site\/wp-json\/wp\/v2\/posts\/8120\/revisions\/8122"}],"wp:featuredmedia":[{"embeddable":true,"href":"https:\/\/jornaloalvorada.com.br\/site\/wp-json\/wp\/v2\/media\/8121"}],"wp:attachment":[{"href":"https:\/\/jornaloalvorada.com.br\/site\/wp-json\/wp\/v2\/media?parent=8120"}],"wp:term":[{"taxonomy":"category","embeddable":true,"href":"https:\/\/jornaloalvorada.com.br\/site\/wp-json\/wp\/v2\/categories?post=8120"},{"taxonomy":"post_tag","embeddable":true,"href":"https:\/\/jornaloalvorada.com.br\/site\/wp-json\/wp\/v2\/tags?post=8120"}],"curies":[{"name":"wp","href":"https:\/\/api.w.org\/{rel}","templated":true}]}}