{"id":8106,"date":"2024-11-04T13:39:56","date_gmt":"2024-11-04T17:39:56","guid":{"rendered":"https:\/\/jornaloalvorada.com.br\/site\/?p=8106"},"modified":"2024-11-04T13:39:58","modified_gmt":"2024-11-04T17:39:58","slug":"saude-do-homem-em-foco-ses-promove-seminario-para-reforcar-prevencao-e-cuidados","status":"publish","type":"post","link":"https:\/\/jornaloalvorada.com.br\/site\/2024\/11\/04\/saude-do-homem-em-foco-ses-promove-seminario-para-reforcar-prevencao-e-cuidados\/","title":{"rendered":"Sa\u00fade do Homem em foco: SES promove semin\u00e1rio para refor\u00e7ar preven\u00e7\u00e3o e cuidados"},"content":{"rendered":"\n<p>Em apoio \u00e0 campanha Novembro Azul, a SES (Secretaria de Estado de Sa\u00fade), por meio da ger\u00eancia de Aten\u00e7\u00e3o \u00e0 Sa\u00fade do Homem, promove nesta ter\u00e7a-feira (5) o \u2018Semin\u00e1rio Novembro Azul\u2019, no audit\u00f3rio da Unigran Capital, em Campo Grande. Voltado aos profissionais de sa\u00fade dos 79 munic\u00edpios do estado, o evento visa promover discuss\u00f5es e refor\u00e7ar o planejamento de a\u00e7\u00f5es para uma aten\u00e7\u00e3o integral \u00e0 sa\u00fade masculina.<\/p>\n\n\n\n<p>Para a gerente de Aten\u00e7\u00e3o \u00e0 Sa\u00fade do Homem da SES, Fernanda Lamera, a preven\u00e7\u00e3o e o diagn\u00f3stico precoce s\u00e3o as maiores ferramentas para garantir uma vida mais longa e saud\u00e1vel.<\/p>\n\n\n\n<p>\u201cCuidar da sa\u00fade \u00e9 fundamental para todos e com os homens n\u00e3o \u00e9 diferente. Muitas vezes, os homens evitam procurar ajuda m\u00e9dica e acabam negligenciando sinais importantes do corpo. Nosso papel, enquanto gestores de sa\u00fade, \u00e9 conscientizar e incentivar essa popula\u00e7\u00e3o a adotar uma atitude preventiva, n\u00e3o s\u00f3 em rela\u00e7\u00e3o ao c\u00e2ncer de pr\u00f3stata, mas tamb\u00e9m para outras doen\u00e7as que afetam gravemente os homens, como as doen\u00e7as cardiovasculares, o c\u00e2ncer bucal e as doen\u00e7as sexualmente transmiss\u00edveis\u201d, explica a gerente.<\/p>\n\n\n\n<p>Durante o semin\u00e1rio ser\u00e3o abordadas medidas preventivas e orienta\u00e7\u00f5es para detec\u00e7\u00e3o precoce de diversas condi\u00e7\u00f5es que afetam a sa\u00fade masculina, al\u00e9m de temas como Sa\u00fade do Homem e Longevidade, Sa\u00fade do Homem na Aten\u00e7\u00e3o Prim\u00e1ria e palestra sobre Preven\u00e7\u00e3o contra Acidentes de Tr\u00e2nsito.<\/p>\n\n\n\n<p>\u201cPor isso, no Novembro Azul, refor\u00e7amos a import\u00e2ncia de incluir o cuidado com a sa\u00fade na rotina, sem tabus e sem preconceitos. Fazer exames peri\u00f3dicos, observar mudan\u00e7as no corpo, adotar h\u00e1bitos de vida saud\u00e1veis e buscar ajuda m\u00e9dica sempre que necess\u00e1rio s\u00e3o atitudes que podem salvar vidas. Queremos que os homens se sintam acolhidos e motivados a cuidar de si mesmos, sabendo que a sa\u00fade integral \u00e9 um direito e uma prioridade\u201d, completa Fernanda.<\/p>\n\n\n\n<p><strong>Novembro Azul<\/strong><\/p>\n\n\n\n<p>Novembro Azul \u00e9 o nome dado ao movimento internacional institu\u00eddo para a conscientiza\u00e7\u00e3o do c\u00e2ncer de pr\u00f3stata e alertar os homens da import\u00e2ncia do diagn\u00f3stico precoce. Criado em 2003, o m\u00eas de novembro foi escolhido devido ao Dia Mundial de Combate ao C\u00e2ncer de Pr\u00f3stata, celebrado no dia 17 de novembro.<\/p>\n\n\n\n<p>No entanto, para o Minist\u00e9rio da Sa\u00fade a campanha Novembro Azul \u00e9 uma oportunidade para, ao longo do m\u00eas, trabalhar a sa\u00fade do homem como um todo, refor\u00e7ando a import\u00e2ncia dos cuidados, preven\u00e7\u00e3o do c\u00e2ncer de pr\u00f3stata e doen\u00e7as em geral e incentivando os homens a buscarem atendimento nas Unidades B\u00e1sicas de Sa\u00fade, porta de entrada do SUS (Sistema \u00danico de Sa\u00fade).<\/p>\n\n\n\n<p><em>Kamilla Ratier, Comunica\u00e7\u00e3o SES<br>Foto: Reprodu\u00e7\u00e3o Ag\u00eancia Gov<\/em><\/p>\n","protected":false},"excerpt":{"rendered":"<p>Em apoio \u00e0 campanha Novembro Azul, a SES (Secretaria de Estado de Sa\u00fade), por meio da ger\u00eancia de Aten\u00e7\u00e3o \u00e0<\/p>\n","protected":false},"author":1,"featured_media":8107,"comment_status":"open","ping_status":"open","sticky":false,"template":"","format":"standard","meta":{"footnotes":""},"categories":[2],"tags":[],"class_list":["post-8106","post","type-post","status-publish","format-standard","has-post-thumbnail","hentry","category-noticias"],"_links":{"self":[{"href":"https:\/\/jornaloalvorada.com.br\/site\/wp-json\/wp\/v2\/posts\/8106","targetHints":{"allow":["GET"]}}],"collection":[{"href":"https:\/\/jornaloalvorada.com.br\/site\/wp-json\/wp\/v2\/posts"}],"about":[{"href":"https:\/\/jornaloalvorada.com.br\/site\/wp-json\/wp\/v2\/types\/post"}],"author":[{"embeddable":true,"href":"https:\/\/jornaloalvorada.com.br\/site\/wp-json\/wp\/v2\/users\/1"}],"replies":[{"embeddable":true,"href":"https:\/\/jornaloalvorada.com.br\/site\/wp-json\/wp\/v2\/comments?post=8106"}],"version-history":[{"count":1,"href":"https:\/\/jornaloalvorada.com.br\/site\/wp-json\/wp\/v2\/posts\/8106\/revisions"}],"predecessor-version":[{"id":8108,"href":"https:\/\/jornaloalvorada.com.br\/site\/wp-json\/wp\/v2\/posts\/8106\/revisions\/8108"}],"wp:featuredmedia":[{"embeddable":true,"href":"https:\/\/jornaloalvorada.com.br\/site\/wp-json\/wp\/v2\/media\/8107"}],"wp:attachment":[{"href":"https:\/\/jornaloalvorada.com.br\/site\/wp-json\/wp\/v2\/media?parent=8106"}],"wp:term":[{"taxonomy":"category","embeddable":true,"href":"https:\/\/jornaloalvorada.com.br\/site\/wp-json\/wp\/v2\/categories?post=8106"},{"taxonomy":"post_tag","embeddable":true,"href":"https:\/\/jornaloalvorada.com.br\/site\/wp-json\/wp\/v2\/tags?post=8106"}],"curies":[{"name":"wp","href":"https:\/\/api.w.org\/{rel}","templated":true}]}}