{"id":8103,"date":"2024-11-04T09:06:04","date_gmt":"2024-11-04T13:06:04","guid":{"rendered":"https:\/\/jornaloalvorada.com.br\/site\/?p=8103"},"modified":"2024-11-04T09:06:06","modified_gmt":"2024-11-04T13:06:06","slug":"enem-2024-veja-a-data-de-divulgacao-do-gabarito-oficial","status":"publish","type":"post","link":"https:\/\/jornaloalvorada.com.br\/site\/2024\/11\/04\/enem-2024-veja-a-data-de-divulgacao-do-gabarito-oficial\/","title":{"rendered":"Enem 2024: veja a data de divulga\u00e7\u00e3o do gabarito oficial"},"content":{"rendered":"\n<p>O Exame Nacional do Ensino M\u00e9dio (Enem) 2024 \u00e9 um dos eventos educacionais mais aguardados no Brasil, com seu in\u00edcio tendo ocorrido no dia 3 de novembro. Com milhares de estudantes de todo o pa\u00eds realizando as provas, o Enem continua sendo uma etapa crucial para o ingresso no ensino superior. A expectativa pelo gabarito oficial e pelo resultado final mant\u00e9m os estudantes atentos \u00e0s informa\u00e7\u00f5es divulgadas pelo Instituto Nacional de Estudos e Pesquisas Educacionais An\u00edsio Teixeira (<a href=\"https:\/\/www.gov.br\/inep\/pt-br\/assuntos\/noticias\/enem\/enem-2024-locais-de-prova-disponiveis\" target=\"_blank\" rel=\"noreferrer noopener\">Inep<\/a>).<\/p>\n\n\n\n<p>O Inep, \u00f3rg\u00e3o que organiza o <a href=\"https:\/\/terrabrasilnoticias.com\/2024\/11\/estudantes-do-interior-empurram-onibus-atolado-para-conseguirem-chegar-ao-local-de-prova-do-enem\/\" target=\"_blank\" rel=\"noreferrer noopener\">exame<\/a>, anunciou que o gabarito oficial ser\u00e1 disponibilizado em 20 de novembro de 2024. Essa data \u00e9 crucial para os participantes, embora o gabarito n\u00e3o permita a determina\u00e7\u00e3o exata das notas devido ao m\u00e9todo de c\u00e1lculo espec\u00edfico utilizado. Al\u00e9m disso, o processo de estudos e prepara\u00e7\u00e3o para essa avalia\u00e7\u00e3o envolve elementos muito al\u00e9m da resolu\u00e7\u00e3o de provas, exigindo dos candidatos uma compreens\u00e3o abrangente dos conte\u00fados.<\/p>\n\n\n\n<h2 class=\"wp-block-heading\">Como \u00e9 calculada a nota do Enem?<\/h2>\n\n\n\n<p>A nota do Enem \u00e9 calculada atrav\u00e9s da Teoria de Resposta ao Item (TRI), um m\u00e9todo que atribui diferentes pesos a cada quest\u00e3o. Este sistema considera a dificuldade e a discrimina\u00e7\u00e3o dos itens da prova, diferentemente de um sistema de pontos direto. Essa abordagem visa garantir que a nota reflita de forma mais precisa o conhecimento do aluno, ajustando-se de acordo com o padr\u00e3o de respostas dos estudantes ao redor do pa\u00eds.<\/p>\n\n\n\n<p>Com a publica\u00e7\u00e3o do gabarito, apesar dos estudantes poderem conferir quais quest\u00f5es acertaram, o c\u00e1lculo definitivo das notas s\u00f3 estar\u00e1 dispon\u00edvel posteriormente. A divulga\u00e7\u00e3o das notas individuais est\u00e1 marcada para 13 de janeiro de 2025, fornecendo aos candidatos as pontua\u00e7\u00f5es finais necess\u00e1rias para avan\u00e7ar nas etapas de sele\u00e7\u00e3o para universidades.<\/p>\n\n\n\n<figure class=\"wp-block-image\"><img decoding=\"async\" src=\"https:\/\/terrabrasilnoticias.com\/wp-content\/uploads\/2024\/10\/01-507-1024x612.jpg\" alt=\"\"\/><figcaption class=\"wp-element-caption\">Estudantes \/ \u00a9 Rafa Neddermeyer\/Ag\u00eancia Brasil<\/figcaption><\/figure>\n\n\n\n<h2 class=\"wp-block-heading\">O que esperar das provas do Enem 2024?<\/h2>\n\n\n\n<p>Em 2024, os participantes do Enem enfrentaram no primeiro dia quest\u00f5es de Reda\u00e7\u00e3o, Linguagens e Ci\u00eancias Humanas. No segundo dia, programado para 10 de novembro, as provas abordar\u00e3o Matem\u00e1tica e Ci\u00eancias da Natureza. Cada edi\u00e7\u00e3o do Enem busca abordar temas contempor\u00e2neos e quest\u00f5es que desafiem o racioc\u00ednio cr\u00edtico dos candidatos, incentivando uma prepara\u00e7\u00e3o que vai al\u00e9m da simples memoriza\u00e7\u00e3o.<\/p>\n\n\n\n<p>A reda\u00e7\u00e3o \u00e9 frequentemente um dos componentes mais temidos, exigindo dos estudantes clareza de express\u00e3o e habilidade em construir argumenta\u00e7\u00f5es coerentes. O tema da reda\u00e7\u00e3o \u00e9 sempre mantido em sigilo at\u00e9 o momento do exame, estimulando debates sobre poss\u00edveis t\u00f3picos que possam ser abordados, variando de quest\u00f5es sociais a ambientais.<\/p>\n\n\n\n<h2 class=\"wp-block-heading\">Qual \u00e9 a import\u00e2ncia do exame para os estudantes?<\/h2>\n\n\n\n<p>O Enem atua como porta de entrada para diversas universidades p\u00fablicas e privadas no Brasil, al\u00e9m de ser fundamental para programas de financiamento estudantil como o FIES e bolsas de estudo ofertadas pelo ProUni. Devido a isso, o desempenho no exame pode impactar significativamente o futuro acad\u00eamico e profissional dos estudantes.<\/p>\n\n\n\n<p>Al\u00e9m das oportunidades de ingressar em cursos superiores, o Enem tamb\u00e9m fornece um diagn\u00f3stico abrangente da educa\u00e7\u00e3o b\u00e1sica no pa\u00eds, ajudando a identificar \u00e1reas que necessitam de investimento e melhorias. Os resultados s\u00e3o, portanto, fundamentais n\u00e3o apenas para os indiv\u00edduos, mas para o sistema educacional como um todo.<\/p>\n","protected":false},"excerpt":{"rendered":"<p>O Exame Nacional do Ensino M\u00e9dio (Enem) 2024 \u00e9 um dos eventos educacionais mais aguardados no Brasil, com seu in\u00edcio<\/p>\n","protected":false},"author":1,"featured_media":8104,"comment_status":"open","ping_status":"open","sticky":false,"template":"","format":"standard","meta":{"footnotes":""},"categories":[2],"tags":[],"class_list":["post-8103","post","type-post","status-publish","format-standard","has-post-thumbnail","hentry","category-noticias"],"_links":{"self":[{"href":"https:\/\/jornaloalvorada.com.br\/site\/wp-json\/wp\/v2\/posts\/8103","targetHints":{"allow":["GET"]}}],"collection":[{"href":"https:\/\/jornaloalvorada.com.br\/site\/wp-json\/wp\/v2\/posts"}],"about":[{"href":"https:\/\/jornaloalvorada.com.br\/site\/wp-json\/wp\/v2\/types\/post"}],"author":[{"embeddable":true,"href":"https:\/\/jornaloalvorada.com.br\/site\/wp-json\/wp\/v2\/users\/1"}],"replies":[{"embeddable":true,"href":"https:\/\/jornaloalvorada.com.br\/site\/wp-json\/wp\/v2\/comments?post=8103"}],"version-history":[{"count":1,"href":"https:\/\/jornaloalvorada.com.br\/site\/wp-json\/wp\/v2\/posts\/8103\/revisions"}],"predecessor-version":[{"id":8105,"href":"https:\/\/jornaloalvorada.com.br\/site\/wp-json\/wp\/v2\/posts\/8103\/revisions\/8105"}],"wp:featuredmedia":[{"embeddable":true,"href":"https:\/\/jornaloalvorada.com.br\/site\/wp-json\/wp\/v2\/media\/8104"}],"wp:attachment":[{"href":"https:\/\/jornaloalvorada.com.br\/site\/wp-json\/wp\/v2\/media?parent=8103"}],"wp:term":[{"taxonomy":"category","embeddable":true,"href":"https:\/\/jornaloalvorada.com.br\/site\/wp-json\/wp\/v2\/categories?post=8103"},{"taxonomy":"post_tag","embeddable":true,"href":"https:\/\/jornaloalvorada.com.br\/site\/wp-json\/wp\/v2\/tags?post=8103"}],"curies":[{"name":"wp","href":"https:\/\/api.w.org\/{rel}","templated":true}]}}