{"id":8099,"date":"2024-11-04T09:02:33","date_gmt":"2024-11-04T13:02:33","guid":{"rendered":"https:\/\/jornaloalvorada.com.br\/site\/?p=8099"},"modified":"2024-11-04T09:02:35","modified_gmt":"2024-11-04T13:02:35","slug":"existe-prazo-para-substituicao-da-placa-do-carro-pelo-modelo-mercosul-veja-como-se-adaptar-as-novas-regras","status":"publish","type":"post","link":"https:\/\/jornaloalvorada.com.br\/site\/2024\/11\/04\/existe-prazo-para-substituicao-da-placa-do-carro-pelo-modelo-mercosul-veja-como-se-adaptar-as-novas-regras\/","title":{"rendered":"Existe prazo para substitui\u00e7\u00e3o da placa do carro pelo modelo Mercosul? Veja como se adaptar \u00e0s novas regras"},"content":{"rendered":"\n<p>Desde 2018, o sistema de placas de ve\u00edculos no Brasil passou por uma transforma\u00e7\u00e3o significativa com a introdu\u00e7\u00e3o da placa Mercosul. Essa mudan\u00e7a veio n\u00e3o apenas para aumentar o n\u00famero de combina\u00e7\u00f5es poss\u00edveis de placas, mas tamb\u00e9m para padronizar a identifica\u00e7\u00e3o de ve\u00edculos entre os pa\u00edses membros do <a href=\"https:\/\/www.gov.br\/mdh\/pt-br\/navegue-por-temas\/politicas-para-mulheres\/arquivo\/assuntos\/acoes-internacionais\/Articulacao\/articulacao-internacional\/mercosul\/1mercosul-para-o-site.pdf\" target=\"_blank\" rel=\"noreferrer noopener\">Mercado Comum do Sul (Mercosul)<\/a>, como a Argentina, Paraguai e Uruguai. A nova placa tamb\u00e9m facilita a fiscaliza\u00e7\u00e3o e a gest\u00e3o do tr\u00e1fego entre esses pa\u00edses.<\/p>\n\n\n\n<p>O modelo antigo de placas no Brasil seguia o formato \u201cLLLNNNN\u201d (tr\u00eas letras e quatro n\u00fameros) e foi substitu\u00eddo pelo modelo \u201cLLLNLNN\u201d (tr\u00eas letras, um n\u00famero, uma letra e dois n\u00fameros). Essa <a href=\"https:\/\/www.planalto.gov.br\/ccivil_03\/leis\/l9503compilado.htm\" target=\"_blank\" rel=\"noreferrer noopener\">altera\u00e7\u00e3o<\/a> permitiu que o n\u00famero de combina\u00e7\u00f5es poss\u00edveis aumentasse de 175 milh\u00f5es para 450 milh\u00f5es, uma necessidade para acompanhar o crescimento da frota de ve\u00edculos na regi\u00e3o.<\/p>\n\n\n\n<h2 class=\"wp-block-heading\">Como fazer a convers\u00e3o para a Placa Mercosul?<\/h2>\n\n\n\n<p>Para aqueles com ve\u00edculos ainda no modelo antigo de placa, a convers\u00e3o para o padr\u00e3o Mercosul pode ser necess\u00e1ria em determinadas circunst\u00e2ncias. O processo de convers\u00e3o \u00e9 relativamente simples: o segundo n\u00famero da placa antiga \u00e9 substitu\u00eddo por uma letra, seguindo uma tabela espec\u00edfica de convers\u00e3o. Por exemplo, se o segundo n\u00famero da placa \u00e9 \u201c2\u201d, ele ser\u00e1 substitu\u00eddo pela letra \u201cC\u201d.<\/p>\n\n\n\n<p>Essa troca n\u00e3o ocorre de forma aleat\u00f3ria, mas sim conforme uma tabela previamente definida que associa d\u00edgitos a letras. Esse sistema facilita a transi\u00e7\u00e3o ajudando os motoristas a identificar a nova sequ\u00eancia correspondente ao seu ve\u00edculo.<\/p>\n\n\n\n<figure class=\"wp-block-image\"><img decoding=\"async\" src=\"https:\/\/terrabrasilnoticias.com\/wp-content\/uploads\/2024\/11\/image-38.png\" alt=\"\"\/><\/figure>\n\n\n\n<h2 class=\"wp-block-heading\">Quando a troca de placas \u00e9 obrigat\u00f3ria?<\/h2>\n\n\n\n<p>A ado\u00e7\u00e3o da placa Mercosul n\u00e3o \u00e9 obrigat\u00f3ria em todas as situa\u00e7\u00f5es, mas sim em ocasi\u00f5es espec\u00edficas. Os casos que exigem a troca incluem:<\/p>\n\n\n\n<ul class=\"wp-block-list\">\n<li>Registro de um ve\u00edculo usado por um novo propriet\u00e1rio;<\/li>\n\n\n\n<li>Mudan\u00e7a de munic\u00edpio de registro do ve\u00edculo;<\/li>\n\n\n\n<li>Altera\u00e7\u00e3o na categoria do ve\u00edculo;<\/li>\n\n\n\n<li>Furto, extravio ou roubo da placa;<\/li>\n\n\n\n<li>Danos \u00e0 placa, incluindo o rompimento do lacre;<\/li>\n\n\n\n<li>Instala\u00e7\u00e3o de uma placa traseira adicional;<\/li>\n\n\n\n<li>Reprova\u00e7\u00e3o em vistoria veicular com observa\u00e7\u00f5es sobre a placa ou lacre.<\/li>\n<\/ul>\n\n\n\n<p>Para ve\u00edculos que n\u00e3o se enquadram nessas situa\u00e7\u00f5es, a troca para a placa Mercosul \u00e9 opcional, mas muitos propriet\u00e1rios escolhem a mudan\u00e7a para se ajustar ao novo padr\u00e3o.<\/p>\n\n\n\n<h2 class=\"wp-block-heading\">Quais s\u00e3o os benef\u00edcios da Placa Mercosul?<\/h2>\n\n\n\n<p>A introdu\u00e7\u00e3o da placa Mercosul trouxe v\u00e1rias vantagens para o <a href=\"https:\/\/terrabrasilnoticias.com\/2024\/11\/esta-irregularidade-no-transito-esta-cassando-a-cnh-do-infrator\/\" target=\"_blank\" rel=\"noreferrer noopener\">tr\u00e2nsito brasileiro<\/a>. Entre elas, destaca-se a padroniza\u00e7\u00e3o visual que facilita a identifica\u00e7\u00e3o e fiscaliza\u00e7\u00e3o de ve\u00edculos, tanto em territ\u00f3rio nacional quanto em viagens internacionais pelos pa\u00edses do Mercosul. Al\u00e9m disso, a moderniza\u00e7\u00e3o do sistema melhora a seguran\u00e7a e a efici\u00eancia no gerenciamento do tr\u00e1fego.<\/p>\n\n\n\n<p>Com um n\u00famero maior de combina\u00e7\u00f5es e um design unificado, a placa Mercosul tamb\u00e9m simplifica procedimentos para motoristas que viajam entre os pa\u00edses membros, garantindo uma experi\u00eancia mais tranquila e segura nas estradas.<\/p>\n\n\n\n<h2 class=\"wp-block-heading\">Como proceder diante das mudan\u00e7as?<\/h2>\n\n\n\n<p>Muitos <a href=\"https:\/\/terrabrasilnoticias.com\/2024\/11\/entenda-a-atualizacao-na-lei-de-transito-sobre-cadeirinhas-obrigatorias-veja-regras-e-evite-multas\/\" target=\"_blank\" rel=\"noreferrer noopener\">motoristas<\/a> se perguntam se devem antecipar a transi\u00e7\u00e3o para a placa Mercosul ou esperar os prazos obrigat\u00f3rios. A decis\u00e3o pode variar conforme a necessidade pessoal ou profissional de atualiza\u00e7\u00e3o. Independentemente disso, entender o processo e as vantagens da nova placa \u00e9 essencial para futuros ajustes no sistema de identifica\u00e7\u00e3o veicular.<\/p>\n","protected":false},"excerpt":{"rendered":"<p>Desde 2018, o sistema de placas de ve\u00edculos no Brasil passou por uma transforma\u00e7\u00e3o significativa com a introdu\u00e7\u00e3o da placa<\/p>\n","protected":false},"author":1,"featured_media":8100,"comment_status":"open","ping_status":"open","sticky":false,"template":"","format":"standard","meta":{"footnotes":""},"categories":[2],"tags":[],"class_list":["post-8099","post","type-post","status-publish","format-standard","has-post-thumbnail","hentry","category-noticias"],"_links":{"self":[{"href":"https:\/\/jornaloalvorada.com.br\/site\/wp-json\/wp\/v2\/posts\/8099","targetHints":{"allow":["GET"]}}],"collection":[{"href":"https:\/\/jornaloalvorada.com.br\/site\/wp-json\/wp\/v2\/posts"}],"about":[{"href":"https:\/\/jornaloalvorada.com.br\/site\/wp-json\/wp\/v2\/types\/post"}],"author":[{"embeddable":true,"href":"https:\/\/jornaloalvorada.com.br\/site\/wp-json\/wp\/v2\/users\/1"}],"replies":[{"embeddable":true,"href":"https:\/\/jornaloalvorada.com.br\/site\/wp-json\/wp\/v2\/comments?post=8099"}],"version-history":[{"count":1,"href":"https:\/\/jornaloalvorada.com.br\/site\/wp-json\/wp\/v2\/posts\/8099\/revisions"}],"predecessor-version":[{"id":8101,"href":"https:\/\/jornaloalvorada.com.br\/site\/wp-json\/wp\/v2\/posts\/8099\/revisions\/8101"}],"wp:featuredmedia":[{"embeddable":true,"href":"https:\/\/jornaloalvorada.com.br\/site\/wp-json\/wp\/v2\/media\/8100"}],"wp:attachment":[{"href":"https:\/\/jornaloalvorada.com.br\/site\/wp-json\/wp\/v2\/media?parent=8099"}],"wp:term":[{"taxonomy":"category","embeddable":true,"href":"https:\/\/jornaloalvorada.com.br\/site\/wp-json\/wp\/v2\/categories?post=8099"},{"taxonomy":"post_tag","embeddable":true,"href":"https:\/\/jornaloalvorada.com.br\/site\/wp-json\/wp\/v2\/tags?post=8099"}],"curies":[{"name":"wp","href":"https:\/\/api.w.org\/{rel}","templated":true}]}}