{"id":8096,"date":"2024-11-01T10:12:05","date_gmt":"2024-11-01T14:12:05","guid":{"rendered":"https:\/\/jornaloalvorada.com.br\/site\/?p=8096"},"modified":"2024-11-01T10:12:07","modified_gmt":"2024-11-01T14:12:07","slug":"atencao-pais-e-motoristas-nova-lei-sobre-usar-a-cadeirinha","status":"publish","type":"post","link":"https:\/\/jornaloalvorada.com.br\/site\/2024\/11\/01\/atencao-pais-e-motoristas-nova-lei-sobre-usar-a-cadeirinha\/","title":{"rendered":"Aten\u00e7\u00e3o, pais e motoristas! Nova lei sobre usar a cadeirinha"},"content":{"rendered":"\n<p>A legisla\u00e7\u00e3o de tr\u00e2nsito no Brasil passou por mudan\u00e7as significativas, especialmente no que se refere \u00e0 seguran\u00e7a infantil em ve\u00edculos. Agora, \u00e9 mandat\u00f3rio usar dispositivos de reten\u00e7\u00e3o infantil, como cadeirinhas, para crian\u00e7as de at\u00e9 10 anos ou com menos de 1,45 metros de altura. Essas novas diretrizes do <a href=\"https:\/\/www25.senado.leg.br\/web\/atividade\/materias\/-\/materia\/143258\" target=\"_blank\" rel=\"noreferrer noopener\">Projeto de Lei n\u00b0 3267<\/a>, visa garantir a prote\u00e7\u00e3o das crian\u00e7as em caso de acidentes automobil\u00edsticos.<\/p>\n\n\n\n<p>Este artigo ir\u00e1 explorar os detalhes dessa legisla\u00e7\u00e3o, especificar quais dispositivos s\u00e3o apropriados para diferentes faixas et\u00e1rias e destacar as penalidades para aqueles que n\u00e3o estiverem segundo as <a href=\"https:\/\/www.cetsp.com.br\/consultas\/seguranca-e-mobilidade\/transporte-de-criancas.aspx\" target=\"_blank\" rel=\"noreferrer noopener\">regras<\/a>.<\/p>\n\n\n\n<h2 class=\"wp-block-heading\">Quais s\u00e3o as Atualiza\u00e7\u00f5es na Legisla\u00e7\u00e3o para Cadeirinhas?<\/h2>\n\n\n\n<p>Segundo a nova regulamenta\u00e7\u00e3o, crian\u00e7as at\u00e9 10 anos ou medindo menos de 1,45 metros devem ser transportadas em equipamentos de seguran\u00e7a adequados, que podem incluir beb\u00ea-conforto, cadeirinhas ou assentos de eleva\u00e7\u00e3o. Antes, essa exig\u00eancia se aplicava apenas a crian\u00e7as at\u00e9 7 anos e meio. As mudan\u00e7as foram motivadas por estat\u00edsticas de seguran\u00e7a que apontam a necessidade de uma prote\u00e7\u00e3o ampliada.<\/p>\n\n\n\n<p>Al\u00e9m disso, a obriga\u00e7\u00e3o n\u00e3o se limita a carros particulares, mas se estende tamb\u00e9m a transportes escolares e t\u00e1xis, exigindo que todos os ve\u00edculos estejam preparados para acomodar crian\u00e7as com seguran\u00e7a.<\/p>\n\n\n\n<figure class=\"wp-block-image\"><img decoding=\"async\" src=\"https:\/\/terrabrasilnoticias.com\/wp-content\/uploads\/2024\/10\/cadeirinha_1730359226965-1024x576.jpg\" alt=\"Cr\u00e9ditos: depositphotos.com \/ ArturVerkhovetskiy\"\/><figcaption class=\"wp-element-caption\">Motoristas e passageiros: juntos pela seguran\u00e7a no tr\u00e2nsito.<br>(Cr\u00e9ditos: depositphotos.com \/ ArturVerkhovetskiy)<\/figcaption><\/figure>\n\n\n\n<h2 class=\"wp-block-heading\">Quais os Tipos de Dispositivos Recomendados?<\/h2>\n\n\n\n<p>\u00c9 fundamental selecionar o dispositivo de reten\u00e7\u00e3o correto com base na idade, peso e altura da crian\u00e7a. A seguir, uma lista das recomenda\u00e7\u00f5es atuais:<\/p>\n\n\n\n<ul class=\"wp-block-list\">\n<li><strong>Beb\u00ea-conforto:<\/strong> Para menores de 1 ano ou que pesam at\u00e9 13 kg, instalados de costas para a dire\u00e7\u00e3o do carro.<\/li>\n\n\n\n<li><strong>Cadeirinhas:<\/strong> Indicadas para crian\u00e7as de 1 a 4 anos, devem ser fixadas com cintos de tr\u00eas pontos.<\/li>\n\n\n\n<li><strong>Assentos de eleva\u00e7\u00e3o:<\/strong> Apropriados para crian\u00e7as de 4 a 10 anos ou aquelas que ainda n\u00e3o atingiram 1,45 metros, para que o cinto de seguran\u00e7a se ajuste corretamente.<\/li>\n<\/ul>\n\n\n\n<h2 class=\"wp-block-heading\">Quais as Penalidades para N\u00e3o Conformidade?<\/h2>\n\n\n\n<p>O n\u00e3o cumprimento da legisla\u00e7\u00e3o acarretar\u00e1 penalidades severas. Transportar crian\u00e7as fora dos dispositivos exigidos \u00e9 classificado como infra\u00e7\u00e3o grav\u00edssima, resultando em multas de R$ 293,47, adi\u00e7\u00e3o de 7 pontos na carteira de habilita\u00e7\u00e3o do motorista infrator e poss\u00edvel reten\u00e7\u00e3o do ve\u00edculo at\u00e9 a corre\u00e7\u00e3o da infra\u00e7\u00e3o.<\/p>\n\n\n\n<h2 class=\"wp-block-heading\">Por Que Utilizar os Dispositivos de Reten\u00e7\u00e3o \u00e9 Crucial?<\/h2>\n\n\n\n<p>A utiliza\u00e7\u00e3o de cadeirinhas corretamente \u00e9 vital para a seguran\u00e7a dos jovens passageiros. Estudos demonstram que o uso adequado de dispositivos de reten\u00e7\u00e3o pode reduzir substancialmente o risco de ferimentos graves. \u00c9 crucial que os respons\u00e1veis garantam instala\u00e7\u00f5es adequadas e investam em equipamentos de qualidade, segundo as exig\u00eancias legais.<\/p>\n\n\n\n<p>Essas regras destacam o compromisso crescente em garantir a seguran\u00e7a das crian\u00e7as no tr\u00e2nsito, refor\u00e7ando a import\u00e2ncia de um cotidiano rodovi\u00e1rio mais seguro para todos.<\/p>\n\n\n\n<p><strong><em>Fonte: Terra Brasil Not\u00edcias<\/em><\/strong><\/p>\n","protected":false},"excerpt":{"rendered":"<p>A legisla\u00e7\u00e3o de tr\u00e2nsito no Brasil passou por mudan\u00e7as significativas, especialmente no que se refere \u00e0 seguran\u00e7a infantil em ve\u00edculos.<\/p>\n","protected":false},"author":1,"featured_media":8097,"comment_status":"open","ping_status":"open","sticky":false,"template":"","format":"standard","meta":{"footnotes":""},"categories":[2],"tags":[],"class_list":["post-8096","post","type-post","status-publish","format-standard","has-post-thumbnail","hentry","category-noticias"],"_links":{"self":[{"href":"https:\/\/jornaloalvorada.com.br\/site\/wp-json\/wp\/v2\/posts\/8096","targetHints":{"allow":["GET"]}}],"collection":[{"href":"https:\/\/jornaloalvorada.com.br\/site\/wp-json\/wp\/v2\/posts"}],"about":[{"href":"https:\/\/jornaloalvorada.com.br\/site\/wp-json\/wp\/v2\/types\/post"}],"author":[{"embeddable":true,"href":"https:\/\/jornaloalvorada.com.br\/site\/wp-json\/wp\/v2\/users\/1"}],"replies":[{"embeddable":true,"href":"https:\/\/jornaloalvorada.com.br\/site\/wp-json\/wp\/v2\/comments?post=8096"}],"version-history":[{"count":1,"href":"https:\/\/jornaloalvorada.com.br\/site\/wp-json\/wp\/v2\/posts\/8096\/revisions"}],"predecessor-version":[{"id":8098,"href":"https:\/\/jornaloalvorada.com.br\/site\/wp-json\/wp\/v2\/posts\/8096\/revisions\/8098"}],"wp:featuredmedia":[{"embeddable":true,"href":"https:\/\/jornaloalvorada.com.br\/site\/wp-json\/wp\/v2\/media\/8097"}],"wp:attachment":[{"href":"https:\/\/jornaloalvorada.com.br\/site\/wp-json\/wp\/v2\/media?parent=8096"}],"wp:term":[{"taxonomy":"category","embeddable":true,"href":"https:\/\/jornaloalvorada.com.br\/site\/wp-json\/wp\/v2\/categories?post=8096"},{"taxonomy":"post_tag","embeddable":true,"href":"https:\/\/jornaloalvorada.com.br\/site\/wp-json\/wp\/v2\/tags?post=8096"}],"curies":[{"name":"wp","href":"https:\/\/api.w.org\/{rel}","templated":true}]}}