{"id":8091,"date":"2024-11-01T08:00:00","date_gmt":"2024-11-01T12:00:00","guid":{"rendered":"https:\/\/jornaloalvorada.com.br\/site\/?p=8091"},"modified":"2024-11-01T08:19:39","modified_gmt":"2024-11-01T12:19:39","slug":"fim-de-semana-tera-tempo-instavel-e-previsao-de-chuva-em-mato-grosso-do-sul","status":"publish","type":"post","link":"https:\/\/jornaloalvorada.com.br\/site\/2024\/11\/01\/fim-de-semana-tera-tempo-instavel-e-previsao-de-chuva-em-mato-grosso-do-sul\/","title":{"rendered":"Fim de semana ter\u00e1 tempo inst\u00e1vel e previs\u00e3o de chuva em Mato Grosso do Sul"},"content":{"rendered":"\n<p>A previs\u00e3o para este fim de semana \u00e9 de tempo inst\u00e1vel no Estado, com chuvas intensas em diferentes regi\u00f5es. N\u00e3o est\u00e3o descartadas tempestades acompanhadas de raios, rajadas de vento e at\u00e9 queda de granizo. S\u00e3o esperados acumulados significativos de (chuva) com valores acima de 30 mm em 24 horas.<\/p>\n\n\n\n<p>Segundo o Cemtec (Centro de Monitoramento do Tempo e do Clima de MS), essa situa\u00e7\u00e3o meteorol\u00f3gica ocorre devido ao deslocamento de cavados, aliado ao intenso transporte de calor e umidade. A forma\u00e7\u00e3o de \u00e1reas de baixa press\u00e3o atmosf\u00e9rica deve favorecer esta instabilidade em todo Estado.<\/p>\n\n\n\n<p>Para as regi\u00f5es sul, leste e sudeste as m\u00ednimas ficam entre 21-23\u00b0C e as m\u00e1ximas chegam a 28-34\u00b0C. J\u00e1 no sudoeste e Pantanal variam entre 24-27\u00b0C e 29-35\u00b0C. No Bols\u00e3o e norte ficam entre 21\u00b0C (m\u00ednima) e 35\u00b0C (m\u00e1xima). Na Capital a m\u00ednima ser\u00e1 de 21\u00b0C e m\u00e1xima de 32\u00b0C. Os ventos ficam entre 40-60 km\/h e, pontualmente podem ser rajadas mais acentuadas.<\/p>\n\n\n\n<figure class=\"wp-block-image\"><a href=\"https:\/\/agenciadenoticias.ms.gov.br\/fim-de-semana-tera-tempo-instavel-e-previsao-de-chuva-no-mato-grosso-do-sul\/attachment\/0111\/\"><img decoding=\"async\" src=\"https:\/\/agenciadenoticias.ms.gov.br\/wp-content\/uploads\/2024\/10\/0111.jpg\" alt=\"\"\/><\/a><\/figure>\n\n\n\n<figure class=\"wp-block-image\"><a href=\"https:\/\/agenciadenoticias.ms.gov.br\/fim-de-semana-tera-tempo-instavel-e-previsao-de-chuva-no-mato-grosso-do-sul\/attachment\/0211\/\"><img decoding=\"async\" src=\"https:\/\/agenciadenoticias.ms.gov.br\/wp-content\/uploads\/2024\/10\/0211.jpg\" alt=\"\"\/><\/a><\/figure>\n\n\n\n<figure class=\"wp-block-image\"><a href=\"https:\/\/agenciadenoticias.ms.gov.br\/fim-de-semana-tera-tempo-instavel-e-previsao-de-chuva-no-mato-grosso-do-sul\/attachment\/0311\/\"><img decoding=\"async\" src=\"https:\/\/agenciadenoticias.ms.gov.br\/wp-content\/uploads\/2024\/10\/0311.jpg\" alt=\"\"\/><\/a><\/figure>\n\n\n\n<p><em>Leonardo Rocha, Comunica\u00e7\u00e3o do Governo de MS<\/em><br><em>Foto: \u00c1lvaro Rezende<\/em><\/p>\n","protected":false},"excerpt":{"rendered":"<p>A previs\u00e3o para este fim de semana \u00e9 de tempo inst\u00e1vel no Estado, com chuvas intensas em diferentes regi\u00f5es. N\u00e3o<\/p>\n","protected":false},"author":1,"featured_media":4170,"comment_status":"open","ping_status":"open","sticky":false,"template":"","format":"standard","meta":{"footnotes":""},"categories":[2],"tags":[],"class_list":["post-8091","post","type-post","status-publish","format-standard","has-post-thumbnail","hentry","category-noticias"],"_links":{"self":[{"href":"https:\/\/jornaloalvorada.com.br\/site\/wp-json\/wp\/v2\/posts\/8091","targetHints":{"allow":["GET"]}}],"collection":[{"href":"https:\/\/jornaloalvorada.com.br\/site\/wp-json\/wp\/v2\/posts"}],"about":[{"href":"https:\/\/jornaloalvorada.com.br\/site\/wp-json\/wp\/v2\/types\/post"}],"author":[{"embeddable":true,"href":"https:\/\/jornaloalvorada.com.br\/site\/wp-json\/wp\/v2\/users\/1"}],"replies":[{"embeddable":true,"href":"https:\/\/jornaloalvorada.com.br\/site\/wp-json\/wp\/v2\/comments?post=8091"}],"version-history":[{"count":1,"href":"https:\/\/jornaloalvorada.com.br\/site\/wp-json\/wp\/v2\/posts\/8091\/revisions"}],"predecessor-version":[{"id":8092,"href":"https:\/\/jornaloalvorada.com.br\/site\/wp-json\/wp\/v2\/posts\/8091\/revisions\/8092"}],"wp:featuredmedia":[{"embeddable":true,"href":"https:\/\/jornaloalvorada.com.br\/site\/wp-json\/wp\/v2\/media\/4170"}],"wp:attachment":[{"href":"https:\/\/jornaloalvorada.com.br\/site\/wp-json\/wp\/v2\/media?parent=8091"}],"wp:term":[{"taxonomy":"category","embeddable":true,"href":"https:\/\/jornaloalvorada.com.br\/site\/wp-json\/wp\/v2\/categories?post=8091"},{"taxonomy":"post_tag","embeddable":true,"href":"https:\/\/jornaloalvorada.com.br\/site\/wp-json\/wp\/v2\/tags?post=8091"}],"curies":[{"name":"wp","href":"https:\/\/api.w.org\/{rel}","templated":true}]}}