{"id":8088,"date":"2024-11-01T08:18:41","date_gmt":"2024-11-01T12:18:41","guid":{"rendered":"https:\/\/jornaloalvorada.com.br\/site\/?p=8088"},"modified":"2024-11-01T08:18:43","modified_gmt":"2024-11-01T12:18:43","slug":"motoqueiro-e-preso-pela-pm-apos-acidente-com-onibus-em-nova-alvorada-do-sul","status":"publish","type":"post","link":"https:\/\/jornaloalvorada.com.br\/site\/2024\/11\/01\/motoqueiro-e-preso-pela-pm-apos-acidente-com-onibus-em-nova-alvorada-do-sul\/","title":{"rendered":"Motoqueiro \u00e9 preso pela PM ap\u00f3s acidente com \u00f4nibus em Nova Alvorada do Sul"},"content":{"rendered":"\n<p>Na manh\u00e3 desta quinta-feira, 31 de outubro, a Pol\u00edcia Militar prendeu um homem de 35 anos em Nova Alvorada do Sul, durante atendimento a um acidente de tr\u00e2nsito na Rua Jos\u00e9 Dirceu Delgado. O caso envolveu um \u00f4nibus e uma motocicleta.<\/p>\n\n\n\n<p>Ao chegarem ao local, os policiais constataram que o motociclista possu\u00eda dois mandados de pris\u00e3o em aberto, provenientes do estado de S\u00e3o Paulo. Ap\u00f3s a confirma\u00e7\u00e3o dos mandados, o homem foi levado \u00e0 delegacia, onde ficou \u00e0 disposi\u00e7\u00e3o da Justi\u00e7a.<\/p>\n\n\n\n<p>Al\u00e9m disso, ele deve responder pelo crime de dirigir ve\u00edculo automotor em via p\u00fablica sem a devida permiss\u00e3o para dirigir ou habilita\u00e7\u00e3o, ou, caso tenha o direito de dirigir cassado, por gerar perigo de dano.<\/p>\n\n\n\n<p><strong><em>Fonte: Alvorada Informa<\/em><\/strong><\/p>\n","protected":false},"excerpt":{"rendered":"<p>Na manh\u00e3 desta quinta-feira, 31 de outubro, a Pol\u00edcia Militar prendeu um homem de 35 anos em Nova Alvorada do<\/p>\n","protected":false},"author":1,"featured_media":8089,"comment_status":"open","ping_status":"open","sticky":false,"template":"","format":"standard","meta":{"footnotes":""},"categories":[2],"tags":[],"class_list":["post-8088","post","type-post","status-publish","format-standard","has-post-thumbnail","hentry","category-noticias"],"_links":{"self":[{"href":"https:\/\/jornaloalvorada.com.br\/site\/wp-json\/wp\/v2\/posts\/8088","targetHints":{"allow":["GET"]}}],"collection":[{"href":"https:\/\/jornaloalvorada.com.br\/site\/wp-json\/wp\/v2\/posts"}],"about":[{"href":"https:\/\/jornaloalvorada.com.br\/site\/wp-json\/wp\/v2\/types\/post"}],"author":[{"embeddable":true,"href":"https:\/\/jornaloalvorada.com.br\/site\/wp-json\/wp\/v2\/users\/1"}],"replies":[{"embeddable":true,"href":"https:\/\/jornaloalvorada.com.br\/site\/wp-json\/wp\/v2\/comments?post=8088"}],"version-history":[{"count":1,"href":"https:\/\/jornaloalvorada.com.br\/site\/wp-json\/wp\/v2\/posts\/8088\/revisions"}],"predecessor-version":[{"id":8090,"href":"https:\/\/jornaloalvorada.com.br\/site\/wp-json\/wp\/v2\/posts\/8088\/revisions\/8090"}],"wp:featuredmedia":[{"embeddable":true,"href":"https:\/\/jornaloalvorada.com.br\/site\/wp-json\/wp\/v2\/media\/8089"}],"wp:attachment":[{"href":"https:\/\/jornaloalvorada.com.br\/site\/wp-json\/wp\/v2\/media?parent=8088"}],"wp:term":[{"taxonomy":"category","embeddable":true,"href":"https:\/\/jornaloalvorada.com.br\/site\/wp-json\/wp\/v2\/categories?post=8088"},{"taxonomy":"post_tag","embeddable":true,"href":"https:\/\/jornaloalvorada.com.br\/site\/wp-json\/wp\/v2\/tags?post=8088"}],"curies":[{"name":"wp","href":"https:\/\/api.w.org\/{rel}","templated":true}]}}